{"id":4036,"date":"2026-09-01T08:00:00","date_gmt":"2026-09-01T06:00:00","guid":{"rendered":"https:\/\/marpanel.pl\/?p=4036"},"modified":"2026-09-01T15:51:03","modified_gmt":"2026-09-01T13:51:03","slug":"ile-plyt-warstwowych-potrzebuje-kupic-na-hale-blog","status":"publish","type":"post","link":"https:\/\/marpanel.pl\/?p=4036","title":{"rendered":"Dlaczego powierzchnia hali nie m\u00f3wi, ile p\u0142yt warstwowych potrzebuj\u0119 kupi\u0107?"},"content":{"rendered":"\n<p class=\"wp-block-paragraph\">Budujesz hal\u0119 o powierzchni 500 m\u00b2 i zak\u0142adasz, \u017ce potrzebujesz oko\u0142o 500 m\u00b2 p\u0142yt warstwowych? To jeden z najcz\u0119stszych b\u0142\u0119d\u00f3w na etapie przygotowywania inwestycji.<\/p>\n\n\n\n<p class=\"wp-block-paragraph\"><strong>Powierzchnia hali nie jest tym samym co powierzchnia jej \u015bcian i dachu.<\/strong> Co wi\u0119cej, nawet prawid\u0142owo obliczona powierzchnia obudowy budynku nie zawsze odpowiada liczbie p\u0142yt, kt\u00f3re nale\u017cy zam\u00f3wi\u0107. Znaczenie maj\u0105 mi\u0119dzy innymi wysoko\u015b\u0107 \u015bcian, geometria dachu, k\u0105t nachylenia po\u0142aci, szeroko\u015b\u0107 efektywnego krycia, d\u0142ugo\u015bci dost\u0119pnych paneli, rozmieszczenie bram i okien oraz spos\u00f3b monta\u017cu.<\/p>\n\n\n\n<p class=\"wp-block-paragraph\">W MarPanel cz\u0119sto spotykamy si\u0119 z pytaniem: <strong>\u201eHala ma 500 m\u00b2 \u2013 ile p\u0142yt warstwowych potrzebuj\u0119 kupi\u0107?\u201d<\/strong> Sama informacja o powierzchni zabudowy nie wystarcza, aby przygotowa\u0107 rzetelne zestawienie materia\u0142owe.<\/p>\n\n\n\n<p class=\"wp-block-paragraph\">W tym artykule pokazujemy, dlaczego tak jest i jak prawid\u0142owo przej\u015b\u0107 od powierzchni hali do rzeczywistego zapotrzebowania na p\u0142yty warstwowe.<\/p>\n\n\n\n<blockquote class=\"wp-block-quote is-layout-flow wp-block-quote-is-layout-flow\">\n<p class=\"wp-block-paragraph\"><strong>Najwa\u017cniejsza zasada:<\/strong> najpierw obliczamy powierzchni\u0119 poszczeg\u00f3lnych przegr\u00f3d budynku, a dopiero p\u00f3\u017aniej przek\u0142adamy j\u0105 na liczb\u0119 konkretnych p\u0142yt.<\/p>\n<\/blockquote>\n\n\n\n<h3 class=\"wp-block-heading\">Dlaczego powierzchnia hali nie oznacza powierzchni p\u0142yt warstwowych?<\/h3>\n\n\n\n<p class=\"wp-block-paragraph\">Powierzchnia hali podawana w metrach kwadratowych najcz\u0119\u015bciej oznacza <strong>powierzchni\u0119 zabudowy lub powierzchni\u0119 u\u017cytkow\u0105<\/strong>, a nie powierzchni\u0119 wszystkich przegr\u00f3d zewn\u0119trznych. Tymczasem p\u0142yty warstwowe maj\u0105 za zadanie pokry\u0107 przede wszystkim \u015bciany oraz dach, dlatego ich zapotrzebowanie trzeba liczy\u0107 na podstawie rzeczywistych wymiar\u00f3w tych element\u00f3w.<\/p>\n\n\n\n<p class=\"wp-block-paragraph\">Wyobra\u017amy sobie dwie hale o powierzchni 500 m\u00b2. Pierwsza ma wymiary 25 \u00d7 20 m i wysoko\u015b\u0107 5 m. Druga r\u00f3wnie\u017c ma 500 m\u00b2, ale zosta\u0142a zaprojektowana jako obiekt 50 \u00d7 10 m o wysoko\u015bci 7 m. Obie maj\u0105 identyczn\u0105 powierzchni\u0119 zabudowy, ale ich powierzchnia \u015bcian b\u0119dzie zupe\u0142nie inna.<\/p>\n\n\n\n<p class=\"wp-block-paragraph\">Dla pierwszej hali obw\u00f3d wynosi 90 m. Przy wysoko\u015bci 5 m daje to oko\u0142o 450 m\u00b2 powierzchni \u015bcian przed odj\u0119ciem otwor\u00f3w. W drugim przypadku obw\u00f3d wynosi 120 m, a przy wysoko\u015bci 7 m daje ju\u017c oko\u0142o 840 m\u00b2. R\u00f3\u017cnica jest ogromna, mimo \u017ce obie hale maj\u0105 dok\u0142adnie 500 m\u00b2 powierzchni zabudowy.<\/p>\n\n\n\n<p class=\"wp-block-paragraph\">Do tego dochodzi dach. Jego powierzchnia zale\u017cy nie tylko od d\u0142ugo\u015bci i szeroko\u015bci budynku, ale r\u00f3wnie\u017c od geometrii oraz k\u0105ta nachylenia po\u0142aci. Rzut poziomy dachu nie zawsze odpowiada rzeczywistej powierzchni p\u0142yt dachowych.<\/p>\n\n\n\n<p class=\"wp-block-paragraph\">To w\u0142a\u015bnie dlatego w MarPanel nie rozpoczynamy profesjonalnej kalkulacji od samego pytania o powierzchni\u0119 hali. Potrzebujemy informacji pozwalaj\u0105cych okre\u015bli\u0107 rzeczywist\u0105 powierzchni\u0119 \u015bcian i dachu, a nast\u0119pnie przeliczy\u0107 j\u0105 na konkretne p\u0142yty.<\/p>\n\n\n\n<p class=\"wp-block-paragraph\">Na etapie planowania warto wi\u0119c rozdzieli\u0107 trzy poj\u0119cia:<\/p>\n\n\n\n<figure class=\"wp-block-table\"><table class=\"has-fixed-layout\"><tbody><tr><th>Poj\u0119cie<\/th><th>Co oznacza?<\/th><\/tr><tr><td>Powierzchnia hali<\/td><td>Najcz\u0119\u015bciej powierzchnia zabudowy lub u\u017cytkowa<\/td><\/tr><tr><td>Powierzchnia obudowy<\/td><td>\u0141\u0105czna powierzchnia \u015bcian i dachu<\/td><\/tr><tr><td>Ilo\u015b\u0107 p\u0142yt<\/td><td>Konkretna liczba paneli wynikaj\u0105ca z geometrii i wymiar\u00f3w monta\u017cowych<\/td><\/tr><\/tbody><\/table><\/figure>\n\n\n\n<p class=\"wp-block-paragraph\">Dopiero trzecia warto\u015b\u0107 odpowiada bezpo\u015brednio na pytanie, ile p\u0142yt warstwowych potrzebuj\u0119 kupi\u0107.<\/p>\n\n\n\n<h3 class=\"wp-block-heading\">Jak obliczy\u0107 powierzchni\u0119 \u015bcian hali?<\/h3>\n\n\n\n<p class=\"wp-block-paragraph\">Pierwszym etapem kalkulacji jest obliczenie powierzchni \u015bcian. W najprostszym przypadku mo\u017cemy wykorzysta\u0107 wz\u00f3r:<\/p>\n\n\n\n<p class=\"wp-block-paragraph\"><strong>powierzchnia \u015bcian = obw\u00f3d hali \u00d7 wysoko\u015b\u0107 \u015bcian<\/strong><\/p>\n\n\n\n<p class=\"wp-block-paragraph\">Przyk\u0142adowo dla hali o wymiarach 20 \u00d7 10 m i wysoko\u015bci 5 m:<\/p>\n\n\n\n<p class=\"wp-block-paragraph\"><strong>obw\u00f3d = 20 + 10 + 20 + 10 = 60 m<\/strong><\/p>\n\n\n\n<p class=\"wp-block-paragraph\"><strong>powierzchnia \u015bcian = 60 \u00d7 5 = 300 m\u00b2<\/strong><\/p>\n\n\n\n<p class=\"wp-block-paragraph\">Otrzymujemy wi\u0119c 300 m\u00b2 \u015bcian przed uwzgl\u0119dnieniem otwor\u00f3w.<\/p>\n\n\n\n<p class=\"wp-block-paragraph\">Je\u017celi hala ma bram\u0119 o powierzchni 20 m\u00b2, drzwi o powierzchni 2 m\u00b2 oraz okna o \u0142\u0105cznej powierzchni 15 m\u00b2, te elementy nale\u017cy uwzgl\u0119dni\u0107 w dalszej kalkulacji. W uproszczonym przyk\u0142adzie powierzchnia pe\u0142nych p\u00f3l \u015bciennych wynios\u0142aby:<\/p>\n\n\n\n<p class=\"wp-block-paragraph\"><strong>300 \u2212 20 \u2212 2 \u2212 15 = 263 m\u00b2<\/strong><\/p>\n\n\n\n<p class=\"wp-block-paragraph\">To jednak nadal nie oznacza, \u017ce nale\u017cy zam\u00f3wi\u0107 dok\u0142adnie 263 m\u00b2 p\u0142yt \u015bciennych.<\/p>\n\n\n\n<p class=\"wp-block-paragraph\">Dlaczego? Poniewa\u017c p\u0142yty warstwowe nie s\u0105 materia\u0142em wylewanym czy nanoszonym bezpo\u015brednio na powierzchni\u0119 \u015bciany. S\u0105 prefabrykowanymi panelami o okre\u015blonej szeroko\u015bci krycia i d\u0142ugo\u015bci. W praktyce liczymy wi\u0119c nie tylko metry kwadratowe, ale r\u00f3wnie\u017c <strong>liczb\u0119 pasm i d\u0142ugo\u015bci konkretnych element\u00f3w<\/strong>.<\/p>\n\n\n\n<p class=\"wp-block-paragraph\">Znaczenie ma tak\u017ce spos\u00f3b monta\u017cu. Przy monta\u017cu pionowym liczba paneli zale\u017cy przede wszystkim od szeroko\u015bci elewacji i efektywnej szeroko\u015bci krycia. Przy monta\u017cu poziomym inaczej analizujemy wysoko\u015b\u0107 \u015bciany i d\u0142ugo\u015b\u0107 poszczeg\u00f3lnych paneli.<\/p>\n\n\n\n<p class=\"wp-block-paragraph\">Nie mo\u017cna r\u00f3wnie\u017c zapomina\u0107 o naro\u017cnikach, po\u0142\u0105czeniach oraz miejscach wymagaj\u0105cych docinania. W\u0142a\u015bnie dlatego powierzchnia wynikaj\u0105ca z prostego mno\u017cenia mo\u017ce by\u0107 jedynie punktem wyj\u015bcia do kalkulacji.<\/p>\n\n\n\n<p class=\"wp-block-paragraph\">W MarPanel podczas przygotowywania wyceny analizujemy rzeczywiste wymiary obiektu i spos\u00f3b jego obudowy. Dzi\u0119ki temu mo\u017cemy dobra\u0107 p\u0142yty nie tylko pod wzgl\u0119dem powierzchni, ale tak\u017ce d\u0142ugo\u015bci, rodzaju, grubo\u015bci i zastosowania.<\/p>\n\n\n\n<p class=\"wp-block-paragraph\"><strong>Praktyczna zasada:<\/strong> najpierw policz pe\u0142n\u0105 powierzchni\u0119 \u015bcian, nast\u0119pnie uwzgl\u0119dnij otwory, a na ko\u0144cu przelicz powierzchni\u0119 na rzeczywist\u0105 liczb\u0119 paneli.<\/p>\n\n\n\n<h3 class=\"wp-block-heading\">Jak obliczy\u0107 powierzchni\u0119 dachu hali?<\/h3>\n\n\n\n<p class=\"wp-block-paragraph\">Dach jest drugim elementem, kt\u00f3ry mo\u017ce znacz\u0105co zmieni\u0107 zapotrzebowanie na p\u0142yty warstwowe. Najwi\u0119kszy b\u0142\u0105d polega na przyj\u0119ciu, \u017ce powierzchnia dachu zawsze jest r\u00f3wna powierzchni hali.<\/p>\n\n\n\n<p class=\"wp-block-paragraph\">W przypadku dachu dwuspadowego mamy do czynienia z dwiema po\u0142aciami. Ich rzeczywista d\u0142ugo\u015b\u0107 jest wi\u0119ksza ni\u017c szeroko\u015b\u0107 hali mierzona w rzucie poziomym, poniewa\u017c uwzgl\u0119dniamy nachylenie dachu.<\/p>\n\n\n\n<p class=\"wp-block-paragraph\">Przyk\u0142adowo za\u0142\u00f3\u017cmy hal\u0119 o d\u0142ugo\u015bci 20 m i szeroko\u015bci 10 m. Je\u015bli dach jest dwuspadowy, ka\u017cda po\u0142a\u0107 ma w rzucie poziomym oko\u0142o 5 m szeroko\u015bci. Przy nachyleniu dachu rzeczywista d\u0142ugo\u015b\u0107 po\u0142aci mo\u017ce by\u0107 wi\u0119ksza, np. oko\u0142o 5,3 m.<\/p>\n\n\n\n<p class=\"wp-block-paragraph\">Wtedy orientacyjna powierzchnia jednej po\u0142aci wyniesie:<\/p>\n\n\n\n<p class=\"wp-block-paragraph\"><strong>20 \u00d7 5,3 = 106 m\u00b2<\/strong><\/p>\n\n\n\n<p class=\"wp-block-paragraph\">A dw\u00f3ch po\u0142aci:<\/p>\n\n\n\n<p class=\"wp-block-paragraph\"><strong>106 \u00d7 2 = 212 m\u00b2<\/strong><\/p>\n\n\n\n<p class=\"wp-block-paragraph\">W tym przyk\u0142adzie dach nie ma wi\u0119c 200 m\u00b2, lecz oko\u0142o 212 m\u00b2 rzeczywistej powierzchni.<\/p>\n\n\n\n<p class=\"wp-block-paragraph\">To pozornie niewielka r\u00f3\u017cnica mo\u017ce mie\u0107 znaczenie przy wi\u0119kszych inwestycjach. Je\u017celi hala ma kilkaset lub kilka tysi\u0119cy metr\u00f3w kwadratowych, r\u00f3\u017cnica wynikaj\u0105ca z geometrii dachu mo\u017ce oznacza\u0107 dziesi\u0105tki dodatkowych metr\u00f3w kwadratowych materia\u0142u.<\/p>\n\n\n\n<p class=\"wp-block-paragraph\">Do tego dochodz\u0105 \u015bwietliki, wy\u0142azy, kominy, przej\u015bcia instalacyjne, okapy i kalenica. Ka\u017cdy z tych element\u00f3w mo\u017ce wp\u0142ywa\u0107 na spos\u00f3b rozmieszczenia oraz docinania p\u0142yt.<\/p>\n\n\n\n<p class=\"wp-block-paragraph\">Dlatego przy obliczaniu p\u0142yt dachowych potrzebujemy mi\u0119dzy innymi:<\/p>\n\n\n\n<ul class=\"wp-block-list\">\n<li>d\u0142ugo\u015bci hali,<\/li>\n\n\n\n<li>szeroko\u015bci hali,<\/li>\n\n\n\n<li>rzeczywistej d\u0142ugo\u015bci po\u0142aci,<\/li>\n\n\n\n<li>k\u0105ta nachylenia,<\/li>\n\n\n\n<li>liczby po\u0142aci,<\/li>\n\n\n\n<li>lokalizacji \u015bwietlik\u00f3w i przej\u015b\u0107,<\/li>\n\n\n\n<li>informacji o d\u0142ugo\u015bciach p\u0142yt mo\u017cliwych do zastosowania.<\/li>\n<\/ul>\n\n\n\n<p class=\"wp-block-paragraph\"><\/p>\n\n\n\n<p class=\"wp-block-paragraph\">W MarPanel zwracamy szczeg\u00f3ln\u0105 uwag\u0119 na dob\u00f3r d\u0142ugo\u015bci p\u0142yt. Odpowiednio zaplanowane elementy mog\u0105 ograniczy\u0107 liczb\u0119 po\u0142\u0105cze\u0144 i docinek, co wp\u0142ywa zar\u00f3wno na ilo\u015b\u0107 odpad\u00f3w, jak i organizacj\u0119 monta\u017cu.<\/p>\n\n\n\n<p class=\"wp-block-paragraph\">W przypadku dachu nie warto wi\u0119c wykonywa\u0107 kalkulacji wy\u0142\u0105cznie na podstawie powierzchni rzutu budynku. <strong>Do zam\u00f3wienia potrzebna jest rzeczywista geometria po\u0142aci.<\/strong><\/p>\n\n\n\n<h3 class=\"wp-block-heading\">Ile p\u0142yt warstwowych potrzebuj\u0119 kupi\u0107? Od powierzchni do liczby paneli<\/h3>\n\n\n\n<p class=\"wp-block-paragraph\">To w\u0142a\u015bnie tutaj pojawia si\u0119 najwa\u017cniejsza r\u00f3\u017cnica pomi\u0119dzy prostym obliczeniem powierzchni a profesjonalnym zestawieniem materia\u0142owym.<\/p>\n\n\n\n<p class=\"wp-block-paragraph\">Za\u0142\u00f3\u017cmy, \u017ce po wykonaniu obmiaru otrzymali\u015bmy:<\/p>\n\n\n\n<figure class=\"wp-block-table\"><table class=\"has-fixed-layout\"><tbody><tr><th>Element<\/th><th>Powierzchnia orientacyjna<\/th><\/tr><tr><td>\u015aciany po odj\u0119ciu otwor\u00f3w<\/td><td>263 m\u00b2<\/td><\/tr><tr><td>Dach<\/td><td>212 m\u00b2<\/td><\/tr><tr><td>\u0141\u0105cznie<\/td><td>475 m\u00b2<\/td><\/tr><\/tbody><\/table><\/figure>\n\n\n\n<p class=\"wp-block-paragraph\">Czy oznacza to, \u017ce nale\u017cy kupi\u0107 475 m\u00b2 p\u0142yt?<\/p>\n\n\n\n<p class=\"wp-block-paragraph\"><strong>Nie zawsze.<\/strong><\/p>\n\n\n\n<p class=\"wp-block-paragraph\">\u015aciany i dach wymagaj\u0105 zastosowania r\u00f3\u017cnych typ\u00f3w paneli. P\u0142yty \u015bcienne nie s\u0105 automatycznie zamienne z dachowymi. W ofercie MarPanel znajduj\u0105 si\u0119 rozwi\u0105zania przeznaczone do r\u00f3\u017cnych zastosowa\u0144, w tym p\u0142yty warstwowe PIR, p\u0142yty dachowe i \u015bcienne oraz rozwi\u0105zania z rdzeniem z we\u0142ny mineralnej.<\/p>\n\n\n\n<p class=\"wp-block-paragraph\">Nast\u0119pnie musimy sprawdzi\u0107 szeroko\u015b\u0107 efektywnego krycia. Je\u017celi przyk\u0142adowa p\u0142yta ma szeroko\u015b\u0107 efektywn\u0105 1 m, elewacja o d\u0142ugo\u015bci 20 m b\u0119dzie wymaga\u0142a oko\u0142o 20 pasm. Je\u017celi natomiast efektywna szeroko\u015b\u0107 wynosi 1,14 m, liczba potrzebnych paneli mo\u017ce by\u0107 inna.<\/p>\n\n\n\n<p class=\"wp-block-paragraph\">Kolejnym parametrem jest d\u0142ugo\u015b\u0107 panelu.<\/p>\n\n\n\n<p class=\"wp-block-paragraph\">Dla \u015bciany o wysoko\u015bci 5 m mo\u017cemy przyk\u0142adowo potrzebowa\u0107 p\u0142yt o d\u0142ugo\u015bci oko\u0142o 5 m. Je\u015bli projekt wymaga podzia\u0142u elewacji na kilka odcink\u00f3w, liczba element\u00f3w wzro\u015bnie.<\/p>\n\n\n\n<p class=\"wp-block-paragraph\">Dlatego zapotrzebowanie mo\u017cna przedstawi\u0107 w uproszczonym schemacie:<\/p>\n\n\n\n<p class=\"wp-block-paragraph\"><strong>wymiary hali \u2192 powierzchnia \u015bcian \u2192 powierzchnia dachu \u2192 otwory \u2192 szeroko\u015b\u0107 krycia \u2192 d\u0142ugo\u015bci p\u0142yt \u2192 liczba paneli \u2192 zapas \u2192 komplet akcesori\u00f3w<\/strong><\/p>\n\n\n\n<p class=\"wp-block-paragraph\">To znacznie bardziej precyzyjna droga ni\u017c:<\/p>\n\n\n\n<p class=\"wp-block-paragraph\"><strong>500 m\u00b2 hali = 500 m\u00b2 p\u0142yt.<\/strong><\/p>\n\n\n\n<p class=\"wp-block-paragraph\">W praktyce dok\u0142adna liczba paneli powinna wynika\u0107 z dokumentacji, obmiaru i konkretnego systemu p\u0142yt. W przypadku bardziej z\u0142o\u017conych inwestycji warto przygotowa\u0107 r\u00f3wnie\u017c list\u0119 ci\u0119\u0107.<\/p>\n\n\n\n<h3 class=\"wp-block-heading\">Najcz\u0119stsze b\u0142\u0119dy przy obliczaniu zapotrzebowania na p\u0142yty warstwowe<\/h3>\n\n\n\n<p class=\"wp-block-paragraph\">Pierwszym i najcz\u0119stszym b\u0142\u0119dem jest uto\u017csamianie powierzchni hali z powierzchni\u0105 potrzebnych p\u0142yt. Jak pokazali\u015bmy wcze\u015bniej, dwie hale o identycznej powierzchni zabudowy mog\u0105 mie\u0107 zupe\u0142nie inn\u0105 powierzchni\u0119 \u015bcian ze wzgl\u0119du na r\u00f3\u017cne proporcje d\u0142ugo\u015bci, szeroko\u015bci i wysoko\u015bci.<\/p>\n\n\n\n<p class=\"wp-block-paragraph\">Drugim b\u0142\u0119dem jest liczenie dachu wy\u0142\u0105cznie z rzutu poziomego. Przy dachach nachylonych rzeczywista d\u0142ugo\u015b\u0107 po\u0142aci jest wi\u0119ksza od jej rzutu, dlatego kalkulacja wykonana bez uwzgl\u0119dnienia geometrii dachu mo\u017ce zani\u017cy\u0107 zapotrzebowanie.<\/p>\n\n\n\n<p class=\"wp-block-paragraph\">Trzecim problemem jest pomijanie otwor\u00f3w. Bramy, drzwi i okna zmniejszaj\u0105 powierzchni\u0119 pe\u0142nego pola \u015bciennego, ale jednocze\u015bnie wymagaj\u0105 wykonania dodatkowych obr\u00f3bek i precyzyjnych docinek. Nie wystarczy wi\u0119c po prostu odj\u0105\u0107 ich powierzchni\u0119 od ca\u0142kowitej powierzchni \u015bciany.<\/p>\n\n\n\n<p class=\"wp-block-paragraph\">Czwarty b\u0142\u0105d to brak rozr\u00f3\u017cnienia pomi\u0119dzy powierzchni\u0105 w m\u00b2 a liczb\u0105 sztuk. Dwie p\u0142yty o r\u00f3\u017cnych wymiarach mog\u0105 pokrywa\u0107 zupe\u0142nie inn\u0105 powierzchni\u0119. Dlatego sama liczba metr\u00f3w kwadratowych nie m\u00f3wi jeszcze, ile fizycznych paneli znajdzie si\u0119 na placu budowy.<\/p>\n\n\n\n<p class=\"wp-block-paragraph\">Pi\u0105ty b\u0142\u0105d dotyczy d\u0142ugo\u015bci p\u0142yt. Zam\u00f3wienie paneli o przypadkowych d\u0142ugo\u015bciach mo\u017ce zwi\u0119kszy\u0107 ilo\u015b\u0107 docinek i odpad\u00f3w. Z kolei zastosowanie odpowiednio dobranych d\u0142ugo\u015bci mo\u017ce upro\u015bci\u0107 monta\u017c i ograniczy\u0107 liczb\u0119 po\u0142\u0105cze\u0144.<\/p>\n\n\n\n<p class=\"wp-block-paragraph\">Sz\u00f3stym b\u0142\u0119dem jest pomini\u0119cie akcesori\u00f3w. P\u0142yty to podstawowy materia\u0142, ale kompletna realizacja wymaga r\u00f3wnie\u017c odpowiednich \u0142\u0105cznik\u00f3w, uszczelnie\u0144 oraz obr\u00f3bek blacharskich.<\/p>\n\n\n\n<p class=\"wp-block-paragraph\">W MarPanel zawsze zach\u0119camy, aby kalkulacj\u0119 materia\u0142ow\u0105 traktowa\u0107 jako cz\u0119\u015b\u0107 procesu projektowego, a nie jako szybkie mno\u017cenie dw\u00f3ch liczb. Profesjonalne zestawienie pozwala ograniczy\u0107 ryzyko zar\u00f3wno niedoboru materia\u0142u, jak i nadmiernego zam\u00f3wienia.<\/p>\n\n\n\n<h3 class=\"wp-block-heading\">Jak prawid\u0142owo przygotowa\u0107 zapotrzebowanie na p\u0142yty warstwowe? 7 krok\u00f3w<\/h3>\n\n\n\n<p class=\"wp-block-paragraph\">Je\u017celi chcemy odpowiedzie\u0107 na pytanie <strong>ile p\u0142yt warstwowych potrzebuj\u0119 kupi\u0107<\/strong>, mo\u017cemy zastosowa\u0107 prosty schemat.<\/p>\n\n\n\n<h4 class=\"wp-block-heading\">1. Zbierz podstawowe wymiary hali<\/h4>\n\n\n\n<p class=\"wp-block-paragraph\">Potrzebujemy d\u0142ugo\u015bci, szeroko\u015bci oraz wysoko\u015bci obiektu. Je\u017celi wysoko\u015b\u0107 r\u00f3\u017cni si\u0119 na poszczeg\u00f3lnych elewacjach, ka\u017cd\u0105 z nich nale\u017cy potraktowa\u0107 osobno.<\/p>\n\n\n\n<h4 class=\"wp-block-heading\">2. Oblicz powierzchni\u0119 ka\u017cdej \u015bciany<\/h4>\n\n\n\n<p class=\"wp-block-paragraph\">Nie ograniczamy si\u0119 do powierzchni zabudowy. Liczymy rzeczywist\u0105 powierzchni\u0119 elewacji.<\/p>\n\n\n\n<h4 class=\"wp-block-heading\">3. Odejmij otwory<\/h4>\n\n\n\n<p class=\"wp-block-paragraph\">Uwzgl\u0119dniamy bramy, drzwi, okna i inne du\u017ce otwory. Przy nietypowych otworach najlepiej pos\u0142ugiwa\u0107 si\u0119 dokumentacj\u0105 projektow\u0105.<\/p>\n\n\n\n<h4 class=\"wp-block-heading\">4. Oblicz rzeczywist\u0105 powierzchni\u0119 dachu<\/h4>\n\n\n\n<p class=\"wp-block-paragraph\">Ka\u017cd\u0105 po\u0142a\u0107 analizujemy osobno. Przy dachu nachylonym nie korzystamy wy\u0142\u0105cznie z wymiar\u00f3w rzutu poziomego.<\/p>\n\n\n\n<h4 class=\"wp-block-heading\">5. Rozdziel p\u0142yty \u015bcienne i dachowe<\/h4>\n\n\n\n<p class=\"wp-block-paragraph\">To dwa r\u00f3\u017cne zastosowania, dlatego nale\u017cy przygotowa\u0107 oddzielne zestawienie.<\/p>\n\n\n\n<h4 class=\"wp-block-heading\">6. Przelicz powierzchni\u0119 na konkretne panele<\/h4>\n\n\n\n<p class=\"wp-block-paragraph\">Uwzgl\u0119dniamy szeroko\u015b\u0107 efektywnego krycia, d\u0142ugo\u015b\u0107 p\u0142yt oraz spos\u00f3b ich rozmieszczenia.<\/p>\n\n\n\n<h4 class=\"wp-block-heading\">7. Dodaj zapas i akcesoria<\/h4>\n\n\n\n<p class=\"wp-block-paragraph\">Zapas powinien wynika\u0107 ze specyfiki projektu, a nie by\u0107 przypadkowym procentem. W prostych kalkulacjach orientacyjnych cz\u0119sto przyjmuje si\u0119 kilka procent, natomiast przy bardziej skomplikowanej geometrii potrzeba dodatkowej analizy. W bran\u017cowych kalkulacjach spotyka si\u0119 orientacyjne warto\u015bci rz\u0119du 5\u201310%, ale ostateczny zapas powinien wynika\u0107 z projektu i listy ci\u0119\u0107.<\/p>\n\n\n\n<h3 class=\"wp-block-heading\">Przyk\u0142ad: hala 20 \u00d7 10 m \u2013 ile p\u0142yt mo\u017ce by\u0107 potrzebnych?<\/h3>\n\n\n\n<p class=\"wp-block-paragraph\">Za\u0142\u00f3\u017cmy hipotetyczn\u0105 hal\u0119 o wymiarach:<\/p>\n\n\n\n<figure class=\"wp-block-table\"><table class=\"has-fixed-layout\"><tbody><tr><th>Parametr<\/th><th>Warto\u015b\u0107<\/th><\/tr><tr><td>D\u0142ugo\u015b\u0107<\/td><td>20 m<\/td><\/tr><tr><td>Szeroko\u015b\u0107<\/td><td>10 m<\/td><\/tr><tr><td>Wysoko\u015b\u0107 \u015bcian<\/td><td>5 m<\/td><\/tr><tr><td>Powierzchnia zabudowy<\/td><td>200 m\u00b2<\/td><\/tr><tr><td>Dach<\/td><td>dwuspadowy<\/td><\/tr><tr><td>Otwory<\/td><td>bramy, drzwi, okna<\/td><\/tr><\/tbody><\/table><\/figure>\n\n\n\n<p class=\"wp-block-paragraph\">Powierzchnia \u015bcian przed odj\u0119ciem otwor\u00f3w:<\/p>\n\n\n\n<p class=\"wp-block-paragraph\"><strong>2 \u00d7 (20 \u00d7 5) + 2 \u00d7 (10 \u00d7 5) = 300 m\u00b2<\/strong><\/p>\n\n\n\n<p class=\"wp-block-paragraph\">Je\u017celi wszystkie otwory maj\u0105 \u0142\u0105cznie 37 m\u00b2, pozostaje oko\u0142o:<\/p>\n\n\n\n<p class=\"wp-block-paragraph\"><strong>300 \u2212 37 = 263 m\u00b2<\/strong><\/p>\n\n\n\n<p class=\"wp-block-paragraph\">Za\u0142\u00f3\u017cmy nast\u0119pnie, \u017ce rzeczywista powierzchnia obu po\u0142aci dachowych wynosi oko\u0142o 212 m\u00b2.<\/p>\n\n\n\n<p class=\"wp-block-paragraph\">\u0141\u0105cznie otrzymujemy:<\/p>\n\n\n\n<p class=\"wp-block-paragraph\"><strong>263 + 212 = 475 m\u00b2<\/strong><\/p>\n\n\n\n<p class=\"wp-block-paragraph\">I w\u0142a\u015bnie w tym momencie wiele kalkulacji si\u0119 ko\u0144czy.<\/p>\n\n\n\n<p class=\"wp-block-paragraph\">My traktujemy te 475 m\u00b2 jako <strong>powierzchni\u0119 do dalszego zestawienia<\/strong>, a nie gotow\u0105 liczb\u0119 metr\u00f3w p\u0142yt do zam\u00f3wienia.<\/p>\n\n\n\n<p class=\"wp-block-paragraph\">\u015aciany i dach wymagaj\u0105 osobnych paneli. Nast\u0119pnie analizujemy szeroko\u015b\u0107 efektywnego krycia oraz d\u0142ugo\u015bci element\u00f3w. Dopiero wtedy mo\u017cemy okre\u015bli\u0107 liczb\u0119 sztuk.<\/p>\n\n\n\n<p class=\"wp-block-paragraph\">Je\u017celi przyk\u0142adowo na jednej elewacji potrzebujemy 20 paneli o okre\u015blonej d\u0142ugo\u015bci, a na drugiej 10, otrzymujemy konkretn\u0105 liczb\u0119 element\u00f3w, a nie jedynie wynik w m\u00b2.<\/p>\n\n\n\n<p class=\"wp-block-paragraph\">W przypadku dachu sytuacja wygl\u0105da podobnie. Liczba p\u0142yt zale\u017cy od d\u0142ugo\u015bci po\u0142aci oraz szeroko\u015bci efektywnego krycia.<\/p>\n\n\n\n<p class=\"wp-block-paragraph\"><strong>To w\u0142a\u015bnie dlatego dwie hale o powierzchni 200 m\u00b2 mog\u0105 wymaga\u0107 r\u00f3\u017cnej liczby p\u0142yt warstwowych.<\/strong><\/p>\n\n\n\n<p class=\"wp-block-paragraph\">Przedstawiony przyk\u0142ad jest orientacyjny. Ostateczne zestawienie materia\u0142owe powinno by\u0107 wykonane na podstawie rzeczywistych wymiar\u00f3w, projektu i parametr\u00f3w wybranych paneli.<\/p>\n\n\n\n<h3 class=\"wp-block-heading\">Jak ograniczy\u0107 odpady przy zamawianiu p\u0142yt warstwowych?<\/h3>\n\n\n\n<p class=\"wp-block-paragraph\">Odpady materia\u0142owe s\u0105 jednym z element\u00f3w, kt\u00f3re warto kontrolowa\u0107 jeszcze przed zam\u00f3wieniem. W przypadku p\u0142yt warstwowych szczeg\u00f3lne znaczenie ma odpowiednie dopasowanie d\u0142ugo\u015bci paneli do wysoko\u015bci \u015bcian oraz d\u0142ugo\u015bci po\u0142aci dachowych.<\/p>\n\n\n\n<p class=\"wp-block-paragraph\">Je\u017celi panel jest zbyt d\u0142ugi, konieczne mo\u017ce by\u0107 jego skr\u00f3cenie. Je\u017celi jest zbyt kr\u00f3tki, mo\u017ce powsta\u0107 konieczno\u015b\u0107 wykonania dodatkowego po\u0142\u0105czenia. Ka\u017cda z tych sytuacji wp\u0142ywa na organizacj\u0119 monta\u017cu i zu\u017cycie materia\u0142u.<\/p>\n\n\n\n<p class=\"wp-block-paragraph\">Dlatego przy wi\u0119kszych inwestycjach warto przygotowa\u0107 <strong>list\u0119 ci\u0119\u0107<\/strong>, w kt\u00f3rej okre\u015blamy:<\/p>\n\n\n\n<ul class=\"wp-block-list\">\n<li>miejsce monta\u017cu,<\/li>\n\n\n\n<li>rodzaj p\u0142yty,<\/li>\n\n\n\n<li>d\u0142ugo\u015b\u0107 panelu,<\/li>\n\n\n\n<li>liczb\u0119 sztuk,<\/li>\n\n\n\n<li>ewentualne docinki,<\/li>\n\n\n\n<li>kolejno\u015b\u0107 monta\u017cu.<\/li>\n<\/ul>\n\n\n\n<p class=\"wp-block-paragraph\"><\/p>\n\n\n\n<p class=\"wp-block-paragraph\">Takie podej\u015bcie pozwala lepiej zaplanowa\u0107 zam\u00f3wienie i logistyk\u0119.<\/p>\n\n\n\n<p class=\"wp-block-paragraph\">Warto pami\u0119ta\u0107, \u017ce minimalizacja odpad\u00f3w nie powinna oznacza\u0107 zamawiania materia\u0142u \u201ena styk\u201d. Zbyt ma\u0142y zapas mo\u017ce okaza\u0107 si\u0119 problemem, je\u015bli podczas transportu lub monta\u017cu dojdzie do uszkodzenia panelu albo konieczna b\u0119dzie dodatkowa docinka.<\/p>\n\n\n\n<p class=\"wp-block-paragraph\">Z drugiej strony nadmierny zapas r\u00f3wnie\u017c oznacza zamro\u017cenie pieni\u0119dzy w materiale, kt\u00f3ry mo\u017ce pozosta\u0107 niewykorzystany.<\/p>\n\n\n\n<p class=\"wp-block-paragraph\">Optymalnym rozwi\u0105zaniem jest wi\u0119c <strong>zbilansowanie zapasu z rzeczywist\u0105 geometri\u0105 inwestycji<\/strong>.<\/p>\n\n\n\n<p class=\"wp-block-paragraph\">W MarPanel podczas przygotowywania wyceny mo\u017cemy spojrze\u0107 na zam\u00f3wienie nie tylko przez pryzmat ceny za m\u00b2, ale r\u00f3wnie\u017c przez pryzmat wykorzystania materia\u0142u, d\u0142ugo\u015bci paneli, logistyki i kompletno\u015bci zam\u00f3wienia.<\/p>\n\n\n\n<p class=\"wp-block-paragraph\">To szczeg\u00f3lnie wa\u017cne przy du\u017cych halach, gdzie niewielka r\u00f3\u017cnica w wykorzystaniu materia\u0142u mo\u017ce prze\u0142o\u017cy\u0107 si\u0119 na znacz\u0105c\u0105 kwot\u0119.<\/p>\n\n\n\n<h3 class=\"wp-block-heading\">Jakie dane przygotowa\u0107 do wyceny p\u0142yt warstwowych?<\/h3>\n\n\n\n<p class=\"wp-block-paragraph\">Je\u017celi chcemy szybko uzyska\u0107 mo\u017cliwie dok\u0142adn\u0105 kalkulacj\u0119, warto przygotowa\u0107 wcze\u015bniej podstawowe informacje dotycz\u0105ce obiektu.<\/p>\n\n\n\n<p class=\"wp-block-paragraph\">Najwa\u017cniejsze s\u0105:<\/p>\n\n\n\n<figure class=\"wp-block-table\"><table class=\"has-fixed-layout\"><tbody><tr><th>Informacja<\/th><th>Dlaczego jest potrzebna?<\/th><\/tr><tr><td>D\u0142ugo\u015b\u0107 hali<\/td><td>Do obliczenia \u015bcian i dachu<\/td><\/tr><tr><td>Szeroko\u015b\u0107 hali<\/td><td>Do obliczenia \u015bcian i geometrii dachu<\/td><\/tr><tr><td>Wysoko\u015b\u0107<\/td><td>Bezpo\u015brednio wp\u0142ywa na powierzchni\u0119 \u015bcian<\/td><\/tr><tr><td>Rodzaj dachu<\/td><td>Okre\u015bla spos\u00f3b obliczenia po\u0142aci<\/td><\/tr><tr><td>K\u0105t nachylenia<\/td><td>Pozwala okre\u015bli\u0107 rzeczywist\u0105 powierzchni\u0119 dachu<\/td><\/tr><tr><td>Liczba i wymiary bram<\/td><td>Wp\u0142ywa na powierzchni\u0119 oraz obr\u00f3bki<\/td><\/tr><tr><td>Liczba okien i drzwi<\/td><td>Wp\u0142ywa na powierzchni\u0119 oraz docinki<\/td><\/tr><tr><td>Typ p\u0142yty<\/td><td>Okre\u015bla w\u0142a\u015bciwy materia\u0142 dla danej przegrody<\/td><\/tr><tr><td>Grubo\u015b\u0107 p\u0142yty<\/td><td>Wp\u0142ywa na parametry techniczne i cen\u0119<\/td><\/tr><tr><td>Szeroko\u015b\u0107 krycia<\/td><td>Pozwala okre\u015bli\u0107 liczb\u0119 paneli<\/td><\/tr><tr><td>D\u0142ugo\u015b\u0107 paneli<\/td><td>Wp\u0142ywa na liczb\u0119 element\u00f3w i odpady<\/td><\/tr><tr><td>Dokumentacja<\/td><td>Umo\u017cliwia dok\u0142adn\u0105 weryfikacj\u0119 obmiaru<\/td><\/tr><\/tbody><\/table><\/figure>\n\n\n\n<p class=\"wp-block-paragraph\">Im wi\u0119cej danych otrzymamy na pocz\u0105tku, tym mniejsze ryzyko p\u00f3\u017aniejszych korekt.<\/p>\n\n\n\n<p class=\"wp-block-paragraph\">Je\u017celi inwestor posiada projekt hali, rzut, przekroje lub zestawienie wymiar\u00f3w, warto przekaza\u0107 je ju\u017c na etapie zapytania ofertowego. Dzi\u0119ki temu mo\u017cemy znacznie dok\u0142adniej przeanalizowa\u0107 zapotrzebowanie.<\/p>\n\n\n\n<p class=\"wp-block-paragraph\">Nie zawsze potrzebujemy od klienta gotowej listy wszystkich materia\u0142\u00f3w. W\u0142a\u015bnie po to korzysta si\u0119 z profesjonalnego doradztwa. Naszym zadaniem jest prze\u0142o\u017cy\u0107 informacje dotycz\u0105ce obiektu na odpowiednie rozwi\u0105zanie materia\u0142owe.<\/p>\n\n\n\n<h3 class=\"wp-block-heading\">FAQ \u2013 ile p\u0142yt warstwowych potrzebuj\u0119 kupi\u0107?<\/h3>\n\n\n\n<h4 class=\"wp-block-heading\">Czy powierzchnia hali wystarczy do obliczenia liczby p\u0142yt warstwowych?<\/h4>\n\n\n\n<p class=\"wp-block-paragraph\">Nie. Powierzchnia hali jest punktem wyj\u015bcia, ale trzeba dodatkowo obliczy\u0107 powierzchni\u0119 \u015bcian i dachu oraz uwzgl\u0119dni\u0107 ich geometri\u0119, otwory, szeroko\u015b\u0107 krycia i d\u0142ugo\u015b\u0107 paneli.<\/p>\n\n\n\n<h4 class=\"wp-block-heading\">Jak obliczy\u0107 powierzchni\u0119 \u015bcian hali?<\/h4>\n\n\n\n<p class=\"wp-block-paragraph\">W prostym przypadku mno\u017cymy obw\u00f3d hali przez wysoko\u015b\u0107 \u015bcian, a nast\u0119pnie uwzgl\u0119dniamy powierzchni\u0119 bram, drzwi i okien. Przy bardziej z\u0142o\u017conej geometrii ka\u017cd\u0105 elewacj\u0119 warto obliczy\u0107 osobno.<\/p>\n\n\n\n<h4 class=\"wp-block-heading\">Jak obliczy\u0107 powierzchni\u0119 dachu hali?<\/h4>\n\n\n\n<p class=\"wp-block-paragraph\">Nale\u017cy obliczy\u0107 rzeczywist\u0105 powierzchni\u0119 ka\u017cdej po\u0142aci. Przy dachach nachylonych d\u0142ugo\u015b\u0107 po\u0142aci jest wi\u0119ksza ni\u017c jej rzut poziomy.<\/p>\n\n\n\n<h4 class=\"wp-block-heading\">Czy p\u0142yty \u015bcienne i dachowe liczy si\u0119 razem?<\/h4>\n\n\n\n<p class=\"wp-block-paragraph\">Nie. Przygotowujemy oddzielne zestawienie dla p\u0142yt \u015bciennych i dachowych, poniewa\u017c pe\u0142ni\u0105 inne funkcje i maj\u0105 inne rozwi\u0105zania konstrukcyjne.<\/p>\n\n\n\n<h4 class=\"wp-block-heading\">Czy trzeba odejmowa\u0107 okna i bramy?<\/h4>\n\n\n\n<p class=\"wp-block-paragraph\">Tak, ich powierzchnia wp\u0142ywa na rzeczywist\u0105 powierzchni\u0119 \u015bcian wymagaj\u0105c\u0105 zabudowy. Jednocze\u015bnie otwory zwi\u0119kszaj\u0105 znaczenie odpowiednich docinek i obr\u00f3bek.<\/p>\n\n\n\n<h4 class=\"wp-block-heading\">Czy trzeba kupi\u0107 dodatkowy zapas p\u0142yt?<\/h4>\n\n\n\n<p class=\"wp-block-paragraph\">Zapas powinien by\u0107 dopasowany do projektu. Przy prostych inwestycjach mo\u017cna przyj\u0105\u0107 orientacyjny procent, ale dok\u0142adniejsze podej\u015bcie polega na analizie listy ci\u0119\u0107 i geometrii budynku.<\/p>\n\n\n\n<h4 class=\"wp-block-heading\">Czy MarPanel mo\u017ce pom\u00f3c obliczy\u0107 zapotrzebowanie?<\/h4>\n\n\n\n<p class=\"wp-block-paragraph\">Tak. W MarPanel wspieramy inwestor\u00f3w i wykonawc\u00f3w w doborze p\u0142yt warstwowych oraz przygotowaniu kalkulacji dopasowanej do konkretnej inwestycji.<\/p>\n\n\n\n<h3 class=\"wp-block-heading\">Checklista \u2013 co sprawdzi\u0107 przed zam\u00f3wieniem p\u0142yt warstwowych?<\/h3>\n\n\n\n<p class=\"wp-block-paragraph\">\u2610 d\u0142ugo\u015b\u0107 hali<\/p>\n\n\n\n<p class=\"wp-block-paragraph\">\u2610 szeroko\u015b\u0107 hali<\/p>\n\n\n\n<p class=\"wp-block-paragraph\">\u2610 wysoko\u015b\u0107 ka\u017cdej \u015bciany<\/p>\n\n\n\n<p class=\"wp-block-paragraph\">\u2610 powierzchnia wszystkich elewacji<\/p>\n\n\n\n<p class=\"wp-block-paragraph\">\u2610 liczba i wymiary bram<\/p>\n\n\n\n<p class=\"wp-block-paragraph\">\u2610 liczba i wymiary drzwi<\/p>\n\n\n\n<p class=\"wp-block-paragraph\">\u2610 liczba i wymiary okien<\/p>\n\n\n\n<p class=\"wp-block-paragraph\">\u2610 rodzaj dachu<\/p>\n\n\n\n<p class=\"wp-block-paragraph\">\u2610 k\u0105t nachylenia dachu<\/p>\n\n\n\n<p class=\"wp-block-paragraph\">\u2610 rzeczywista d\u0142ugo\u015b\u0107 po\u0142aci<\/p>\n\n\n\n<p class=\"wp-block-paragraph\">\u2610 rodzaj p\u0142yt \u015bciennych<\/p>\n\n\n\n<p class=\"wp-block-paragraph\">\u2610 rodzaj p\u0142yt dachowych<\/p>\n\n\n\n<p class=\"wp-block-paragraph\">\u2610 grubo\u015b\u0107 p\u0142yt<\/p>\n\n\n\n<p class=\"wp-block-paragraph\">\u2610 szeroko\u015b\u0107 efektywnego krycia<\/p>\n\n\n\n<p class=\"wp-block-paragraph\">\u2610 d\u0142ugo\u015bci paneli<\/p>\n\n\n\n<p class=\"wp-block-paragraph\">\u2610 spos\u00f3b monta\u017cu<\/p>\n\n\n\n<p class=\"wp-block-paragraph\">\u2610 lista ci\u0119\u0107<\/p>\n\n\n\n<p class=\"wp-block-paragraph\">\u2610 zapas materia\u0142u<\/p>\n\n\n\n<p class=\"wp-block-paragraph\">\u2610 obr\u00f3bki blacharskie<\/p>\n\n\n\n<p class=\"wp-block-paragraph\">\u2610 \u0142\u0105czniki i wkr\u0119ty<\/p>\n\n\n\n<p class=\"wp-block-paragraph\">\u2610 uszczelnienia<\/p>\n\n\n\n<p class=\"wp-block-paragraph\">\u2610 spos\u00f3b transportu i roz\u0142adunku<\/p>\n\n\n\n<h3 class=\"wp-block-heading\">Fakty i mity o obliczaniu ilo\u015bci p\u0142yt warstwowych<\/h3>\n\n\n\n<h4 class=\"wp-block-heading\">FAKT 1: Hala o powierzchni 500 m\u00b2 nie musi potrzebowa\u0107 500 m\u00b2 p\u0142yt<\/h4>\n\n\n\n<p class=\"wp-block-paragraph\">Powierzchnia hali odnosi si\u0119 do powierzchni zabudowy lub u\u017cytkowej, natomiast p\u0142yty pokrywaj\u0105 \u015bciany i dach. Ich rzeczywista powierzchnia mo\u017ce by\u0107 znacznie wi\u0119ksza.<\/p>\n\n\n\n<h4 class=\"wp-block-heading\">FAKT 2: Wysoko\u015b\u0107 hali ma ogromne znaczenie<\/h4>\n\n\n\n<p class=\"wp-block-paragraph\">Dwie hale o tej samej powierzchni mog\u0105 mie\u0107 r\u00f3\u017cn\u0105 wysoko\u015b\u0107. Wy\u017cszy obiekt b\u0119dzie mia\u0142 wi\u0119ksz\u0105 powierzchni\u0119 \u015bcian, a wi\u0119c wi\u0119ksze zapotrzebowanie na p\u0142yty.<\/p>\n\n\n\n<h4 class=\"wp-block-heading\">FAKT 3: Geometria dachu wp\u0142ywa na ilo\u015b\u0107 materia\u0142u<\/h4>\n\n\n\n<p class=\"wp-block-paragraph\">Przy dachach nachylonych nale\u017cy liczy\u0107 rzeczywist\u0105 powierzchni\u0119 po\u0142aci, a nie tylko rzut poziomy. K\u0105t nachylenia mo\u017ce wi\u0119c bezpo\u015brednio wp\u0142yn\u0105\u0107 na zapotrzebowanie.<\/p>\n\n\n\n<h4 class=\"wp-block-heading\">MIT 1: Wystarczy pomno\u017cy\u0107 d\u0142ugo\u015b\u0107 przez szeroko\u015b\u0107 hali<\/h4>\n\n\n\n<p class=\"wp-block-paragraph\">Nie. To dzia\u0142anie pozwala obliczy\u0107 powierzchni\u0119 zabudowy, ale nie powierzchni\u0119 \u015bcian i dachu.<\/p>\n\n\n\n<h4 class=\"wp-block-heading\">MIT 2: Ka\u017cda hala 1000 m\u00b2 wymaga takiej samej liczby p\u0142yt<\/h4>\n\n\n\n<p class=\"wp-block-paragraph\">Nie. Wymiary hali, wysoko\u015b\u0107, proporcje, dach, otwory i spos\u00f3b monta\u017cu mog\u0105 znacz\u0105co zmieni\u0107 zapotrzebowanie.<\/p>\n\n\n\n<h4 class=\"wp-block-heading\">MIT 3: Im wi\u0119kszy zapas, tym lepiej<\/h4>\n\n\n\n<p class=\"wp-block-paragraph\">Nie zawsze. Zbyt du\u017cy zapas zwi\u0119ksza koszt zam\u00f3wienia i mo\u017ce prowadzi\u0107 do niepotrzebnego magazynowania materia\u0142u. Zapas powinien wynika\u0107 z rzeczywistego projektu i planu ci\u0119\u0107.<\/p>\n\n\n\n<h3 class=\"wp-block-heading\">Mini case study \u2013 dwie hale o tej samej powierzchni, ale r\u00f3\u017cnym zapotrzebowaniu<\/h3>\n\n\n\n<p class=\"wp-block-paragraph\">Za\u0142\u00f3\u017cmy dwa hipotetyczne obiekty.<\/p>\n\n\n\n<p class=\"wp-block-paragraph\"><strong>Hala A:<\/strong> 25 \u00d7 20 m, wysoko\u015b\u0107 5 m.<\/p>\n\n\n\n<p class=\"wp-block-paragraph\"><strong>Hala B:<\/strong> 50 \u00d7 10 m, wysoko\u015b\u0107 7 m.<\/p>\n\n\n\n<p class=\"wp-block-paragraph\">Obie maj\u0105:<\/p>\n\n\n\n<p class=\"wp-block-paragraph\"><strong>500 m\u00b2 powierzchni zabudowy.<\/strong><\/p>\n\n\n\n<p class=\"wp-block-paragraph\">Na pierwszy rzut oka mo\u017cna wi\u0119c uzna\u0107, \u017ce zapotrzebowanie na p\u0142yty b\u0119dzie podobne.<\/p>\n\n\n\n<p class=\"wp-block-paragraph\">Po obliczeniu \u015bcian sytuacja wygl\u0105da jednak inaczej.<\/p>\n\n\n\n<p class=\"wp-block-paragraph\">Hala A ma obw\u00f3d:<\/p>\n\n\n\n<p class=\"wp-block-paragraph\"><strong>25 + 20 + 25 + 20 = 90 m<\/strong><\/p>\n\n\n\n<p class=\"wp-block-paragraph\">Przy wysoko\u015bci 5 m daje to oko\u0142o:<\/p>\n\n\n\n<p class=\"wp-block-paragraph\"><strong>90 \u00d7 5 = 450 m\u00b2 \u015bcian<\/strong><\/p>\n\n\n\n<p class=\"wp-block-paragraph\">Hala B ma obw\u00f3d:<\/p>\n\n\n\n<p class=\"wp-block-paragraph\"><strong>50 + 10 + 50 + 10 = 120 m<\/strong><\/p>\n\n\n\n<p class=\"wp-block-paragraph\">Przy wysoko\u015bci 7 m daje:<\/p>\n\n\n\n<p class=\"wp-block-paragraph\"><strong>120 \u00d7 7 = 840 m\u00b2 \u015bcian<\/strong><\/p>\n\n\n\n<p class=\"wp-block-paragraph\">R\u00f3\u017cnica wynosi a\u017c <strong>390 m\u00b2 powierzchni \u015bcian<\/strong> przed uwzgl\u0119dnieniem otwor\u00f3w.<\/p>\n\n\n\n<p class=\"wp-block-paragraph\">A przecie\u017c obie hale maj\u0105 po 500 m\u00b2 powierzchni zabudowy.<\/p>\n\n\n\n<p class=\"wp-block-paragraph\">To prosty przyk\u0142ad, kt\u00f3ry doskonale pokazuje, dlaczego odpowied\u017a na pytanie \u201eile p\u0142yt warstwowych potrzebuj\u0119 kupi\u0107?\u201d nie mo\u017ce by\u0107 udzielona wy\u0142\u0105cznie na podstawie metra\u017cu hali.<\/p>\n\n\n\n<p class=\"wp-block-paragraph\">W rzeczywistej inwestycji dosz\u0142yby jeszcze: geometria dachu, bramy, drzwi, okna, szeroko\u015b\u0107 krycia, d\u0142ugo\u015bci paneli, spos\u00f3b monta\u017cu oraz wymagany zestaw akcesori\u00f3w.<\/p>\n\n\n\n<p class=\"wp-block-paragraph\">Dlatego profesjonalna kalkulacja zaczyna si\u0119 od <strong>obmiaru konkretnego obiektu<\/strong>, a nie od jednej liczby podanej w metrach kwadratowych.<\/p>\n\n\n\n<h3 class=\"wp-block-heading\">Jak MarPanel podchodzi do kalkulacji zapotrzebowania?<\/h3>\n\n\n\n<p class=\"wp-block-paragraph\">W MarPanel wiemy, \u017ce zakup p\u0142yt warstwowych jest cz\u0119\u015bci\u0105 wi\u0119kszego procesu inwestycyjnego. Klient nie potrzebuje wy\u0142\u0105cznie odpowiedzi \u201eile metr\u00f3w kwadratowych kupi\u0107\u201d. Potrzebuje pewno\u015bci, \u017ce zam\u00f3wiony materia\u0142 b\u0119dzie odpowiedni dla konkretnego obiektu i \u017ce dostawa pozwoli sprawnie rozpocz\u0105\u0107 monta\u017c.<\/p>\n\n\n\n<p class=\"wp-block-paragraph\">Dlatego podczas analizy inwestycji zwracamy uwag\u0119 na znacznie wi\u0119cej ni\u017c sam metra\u017c.<\/p>\n\n\n\n<p class=\"wp-block-paragraph\">Analizujemy geometri\u0119 obiektu, przeznaczenie budynku, \u015bciany, dach, otwory, wymagane rozwi\u0105zania materia\u0142owe oraz spos\u00f3b monta\u017cu. W zale\u017cno\u015bci od inwestycji dobierane s\u0105 odpowiednie p\u0142yty warstwowe, w tym rozwi\u0105zania PIR oraz inne dost\u0119pne systemy.<\/p>\n\n\n\n<p class=\"wp-block-paragraph\">Nasza oferta obejmuje p\u0142yty warstwowe przeznaczone mi\u0119dzy innymi do obiekt\u00f3w przemys\u0142owych, magazynowych, rolniczych i ch\u0142odniczych, a tak\u017ce p\u0142yty dachowe, \u015bcienne, rozwi\u0105zania z we\u0142n\u0105 mineraln\u0105 i p\u0142yty drewnopodobne.<\/p>\n\n\n\n<p class=\"wp-block-paragraph\">Istotne jest dla nas r\u00f3wnie\u017c to, aby zam\u00f3wienie by\u0142o kompletne. P\u0142yty s\u0105 najwa\u017cniejszym elementem obudowy, ale do prawid\u0142owego wykonania inwestycji potrzebne s\u0105 tak\u017ce odpowiednie obr\u00f3bki, \u0142\u0105czniki, uszczelnienia i pozosta\u0142e akcesoria.<\/p>\n\n\n\n<p class=\"wp-block-paragraph\">Dzi\u0119ki temu inwestor mo\u017ce lepiej zaplanowa\u0107 bud\u017cet, logistyk\u0119 i harmonogram prac.<\/p>\n\n\n\n<p class=\"wp-block-paragraph\">Je\u017celi wi\u0119c masz ju\u017c projekt hali, zestaw wymiar\u00f3w albo nawet tylko podstawowe informacje o planowanym obiekcie, warto przekaza\u0107 je nam przed z\u0142o\u017ceniem zam\u00f3wienia. Na tej podstawie mo\u017cemy przeanalizowa\u0107 zapotrzebowanie i pom\u00f3c dobra\u0107 rozwi\u0105zanie odpowiednie do konkretnej inwestycji.<\/p>\n\n\n\n<h3 class=\"wp-block-heading\">Podsumowanie \u2013 ile p\u0142yt warstwowych potrzebuj\u0119 kupi\u0107?<\/h3>\n\n\n\n<p class=\"wp-block-paragraph\">Odpowied\u017a brzmi: <strong>nie da si\u0119 tego wiarygodnie okre\u015bli\u0107 wy\u0142\u0105cznie na podstawie powierzchni hali.<\/strong><\/p>\n\n\n\n<p class=\"wp-block-paragraph\">Aby obliczy\u0107 rzeczywiste zapotrzebowanie na p\u0142yty warstwowe, nale\u017cy przej\u015b\u0107 przez kilka etap\u00f3w:<\/p>\n\n\n\n<ol start=\"1\" class=\"wp-block-list\">\n<li>okre\u015bli\u0107 dok\u0142adne wymiary hali,<\/li>\n\n\n\n<li>obliczy\u0107 powierzchni\u0119 ka\u017cdej \u015bciany,<\/li>\n\n\n\n<li>uwzgl\u0119dni\u0107 bramy, drzwi i okna,<\/li>\n\n\n\n<li>obliczy\u0107 rzeczywist\u0105 powierzchni\u0119 po\u0142aci dachowych,<\/li>\n\n\n\n<li>rozdzieli\u0107 p\u0142yty \u015bcienne i dachowe,<\/li>\n\n\n\n<li>uwzgl\u0119dni\u0107 szeroko\u015b\u0107 efektywnego krycia,<\/li>\n\n\n\n<li>dobra\u0107 odpowiednie d\u0142ugo\u015bci paneli,<\/li>\n\n\n\n<li>przeanalizowa\u0107 docinki i odpady,<\/li>\n\n\n\n<li>okre\u015bli\u0107 w\u0142a\u015bciwy zapas,<\/li>\n\n\n\n<li>przygotowa\u0107 kompletne zestawienie materia\u0142\u00f3w i akcesori\u00f3w.<\/li>\n<\/ol>\n\n\n\n<p class=\"wp-block-paragraph\"><\/p>\n\n\n\n<p class=\"wp-block-paragraph\"><strong>500 m\u00b2 hali nie oznacza 500 m\u00b2 p\u0142yt.<\/strong><\/p>\n\n\n\n<p class=\"wp-block-paragraph\">To w\u0142a\u015bnie r\u00f3\u017cnica pomi\u0119dzy prostym szacunkiem a profesjonalnym obmiarem.<\/p>\n\n\n\n<p class=\"wp-block-paragraph\">W MarPanel pomagamy inwestorom przej\u015b\u0107 przez ten proces w spos\u00f3b uporz\u0105dkowany. Dzi\u0119ki do\u015bwiadczeniu w zakresie p\u0142yt warstwowych mo\u017cemy spojrze\u0107 na inwestycj\u0119 kompleksowo \u2013 od analizy wymiar\u00f3w, przez dob\u00f3r odpowiednich paneli, a\u017c po przygotowanie materia\u0142\u00f3w niezb\u0119dnych do realizacji.<\/p>\n\n\n\n<p class=\"wp-block-paragraph\">Je\u017celi planujesz budow\u0119 hali, magazynu, warsztatu, ch\u0142odni lub innego obiektu z p\u0142yt warstwowych, <strong>nie zamawiaj materia\u0142u wy\u0142\u0105cznie na podstawie powierzchni zabudowy<\/strong>.<\/p>\n\n\n\n<p class=\"wp-block-paragraph\"><strong><a href=\"https:\/\/marpanel.pl\/plyty-warstwowe-nowy-sacz-marpanel\/\">Skontaktuj si\u0119 z nami<\/a><\/strong> i prze\u015blij nam podstawowe wymiary lub dokumentacj\u0119 inwestycji. Pomo\u017cemy okre\u015bli\u0107 rzeczywiste zapotrzebowanie na p\u0142yty warstwowe i dobra\u0107 rozwi\u0105zanie dopasowane do Twojego obiektu.<\/p>\n\n\n\n<p class=\"wp-block-paragraph\"><strong>MarPanel \u2013 fachowe doradztwo i rozwi\u0105zania z zakresu p\u0142yt warstwowych dla wymagaj\u0105cych inwestycji.<\/strong><\/p>\n\n\n\n<h3 class=\"wp-block-heading\">Bonus \u2013 kr\u00f3tkie odpowiedzi na najwa\u017cniejsze pytania<\/h3>\n\n\n\n<h4 class=\"wp-block-heading\">Ile p\u0142yt warstwowych potrzebuj\u0119 kupi\u0107?<\/h4>\n\n\n\n<p class=\"wp-block-paragraph\">Nie mo\u017cna okre\u015bli\u0107 tego wy\u0142\u0105cznie na podstawie powierzchni hali. Nale\u017cy obliczy\u0107 powierzchni\u0119 \u015bcian i dachu, uwzgl\u0119dni\u0107 otwory, geometri\u0119 dachu, szeroko\u015b\u0107 krycia, d\u0142ugo\u015b\u0107 paneli oraz odpowiedni zapas.<\/p>\n\n\n\n<h4 class=\"wp-block-heading\">Jak obliczy\u0107 powierzchni\u0119 p\u0142yt warstwowych na \u015bciany?<\/h4>\n\n\n\n<p class=\"wp-block-paragraph\">Najpierw obliczamy powierzchni\u0119 wszystkich \u015bcian, korzystaj\u0105c z ich rzeczywistych wymiar\u00f3w, a nast\u0119pnie uwzgl\u0119dniamy bramy, drzwi i okna. Otrzyman\u0105 powierzchni\u0119 trzeba nast\u0119pnie przeliczy\u0107 na konkretn\u0105 liczb\u0119 paneli z uwzgl\u0119dnieniem ich szeroko\u015bci krycia.<\/p>\n\n\n\n<h4 class=\"wp-block-heading\">Jak obliczy\u0107 p\u0142yty warstwowe na dach hali?<\/h4>\n\n\n\n<p class=\"wp-block-paragraph\">Nale\u017cy obliczy\u0107 rzeczywist\u0105 powierzchni\u0119 ka\u017cdej po\u0142aci dachowej, a nie tylko powierzchni\u0119 rzutu budynku. Nast\u0119pnie trzeba uwzgl\u0119dni\u0107 szeroko\u015b\u0107 efektywnego krycia, d\u0142ugo\u015b\u0107 p\u0142yt, otwory i elementy dachu.<\/p>\n\n\n\n<h4 class=\"wp-block-heading\">Czy hala 500 m\u00b2 potrzebuje 500 m\u00b2 p\u0142yt?<\/h4>\n\n\n\n<p class=\"wp-block-paragraph\">Nie. Powierzchnia 500 m\u00b2 mo\u017ce oznacza\u0107 powierzchni\u0119 zabudowy, podczas gdy p\u0142yty pokrywaj\u0105 \u015bciany i dach. Rzeczywiste zapotrzebowanie mo\u017ce by\u0107 znacznie wi\u0119ksze i zale\u017cy od geometrii konkretnego obiektu.<\/p>\n\n\n\n<h4 class=\"wp-block-heading\">Ile zapasu p\u0142yt warstwowych nale\u017cy kupi\u0107?<\/h4>\n\n\n\n<p class=\"wp-block-paragraph\">Zapas zale\u017cy od projektu, geometrii obiektu i liczby docinek. W prostych kalkulacjach orientacyjnych cz\u0119sto stosuje si\u0119 kilka procent zapasu, natomiast dok\u0142adniejsze zam\u00f3wienie powinno by\u0107 oparte na li\u015bcie ci\u0119\u0107 i rzeczywistym obmiarze.<\/p>\n","protected":false},"excerpt":{"rendered":"<p>Budujesz hal\u0119 o powierzchni 500 m\u00b2 i zak\u0142adasz, \u017ce potrzebujesz oko\u0142o 500 m\u00b2 p\u0142yt warstwowych? To jeden z najcz\u0119stszych b\u0142\u0119d\u00f3w na etapie przygotowywania inwestycji. Powierzchnia hali nie jest tym samym co powierzchnia jej \u015bcian i dachu. Co wi\u0119cej, nawet prawid\u0142owo obliczona powierzchnia obudowy budynku nie zawsze odpowiada liczbie p\u0142yt, kt\u00f3re nale\u017cy zam\u00f3wi\u0107. Znaczenie maj\u0105 mi\u0119dzy [&hellip;]<\/p>\n","protected":false},"author":1,"featured_media":4038,"comment_status":"open","ping_status":"open","sticky":false,"template":"","format":"standard","meta":{"_acf_changed":false,"footnotes":""},"categories":[1],"tags":[],"class_list":["post-4036","post","type-post","status-publish","format-standard","has-post-thumbnail","hentry","category-bez-kategorii"],"acf":[],"_links":{"self":[{"href":"https:\/\/marpanel.pl\/index.php?rest_route=\/wp\/v2\/posts\/4036","targetHints":{"allow":["GET"]}}],"collection":[{"href":"https:\/\/marpanel.pl\/index.php?rest_route=\/wp\/v2\/posts"}],"about":[{"href":"https:\/\/marpanel.pl\/index.php?rest_route=\/wp\/v2\/types\/post"}],"author":[{"embeddable":true,"href":"https:\/\/marpanel.pl\/index.php?rest_route=\/wp\/v2\/users\/1"}],"replies":[{"embeddable":true,"href":"https:\/\/marpanel.pl\/index.php?rest_route=%2Fwp%2Fv2%2Fcomments&post=4036"}],"version-history":[{"count":2,"href":"https:\/\/marpanel.pl\/index.php?rest_route=\/wp\/v2\/posts\/4036\/revisions"}],"predecessor-version":[{"id":4041,"href":"https:\/\/marpanel.pl\/index.php?rest_route=\/wp\/v2\/posts\/4036\/revisions\/4041"}],"wp:featuredmedia":[{"embeddable":true,"href":"https:\/\/marpanel.pl\/index.php?rest_route=\/wp\/v2\/media\/4038"}],"wp:attachment":[{"href":"https:\/\/marpanel.pl\/index.php?rest_route=%2Fwp%2Fv2%2Fmedia&parent=4036"}],"wp:term":[{"taxonomy":"category","embeddable":true,"href":"https:\/\/marpanel.pl\/index.php?rest_route=%2Fwp%2Fv2%2Fcategories&post=4036"},{"taxonomy":"post_tag","embeddable":true,"href":"https:\/\/marpanel.pl\/index.php?rest_route=%2Fwp%2Fv2%2Ftags&post=4036"}],"curies":[{"name":"wp","href":"https:\/\/api.w.org\/{rel}","templated":true}]}}