{
    "id": 4031,
    "date": "2026-08-29T08:00:00",
    "date_gmt": "2026-08-29T06:00:00",
    "guid": {
        "rendered": "https:\/\/marpanel.pl\/?p=4031"
    },
    "modified": "2026-09-01T15:50:58",
    "modified_gmt": "2026-09-01T13:50:58",
    "slug": "jak-obliczyc-liczbe-plyt-warstwowych-dla-hali-500-m2-blog",
    "status": "publish",
    "type": "post",
    "link": "https:\/\/marpanel.pl\/ru\/?p=4031",
    "title": {
        "rendered": "Jak obliczy\u0107 liczb\u0119 p\u0142yt warstwowych przed z\u0142o\u017ceniem zam\u00f3wienia? Przyk\u0142ad dla hali 500 m\u00b2"
    },
    "content": {
        "rendered": "<p class=\"wp-block-paragraph\">Budowa hali o powierzchni 500 m\u00b2 oznacza konieczno\u015b\u0107 dok\u0142adnego zaplanowania nie tylko konstrukcji stalowej, ale r\u00f3wnie\u017c jej obudowy. Jednym z najcz\u0119\u015bciej zadawanych przez inwestor\u00f3w pyta\u0144 jest: <strong>jak obliczy\u0107 liczb\u0119 p\u0142yt warstwowych, aby zam\u00f3wi\u0107 odpowiedni\u0105 ilo\u015b\u0107 materia\u0142u i jednocze\u015bnie nie kupi\u0107 go zbyt du\u017co?<\/strong><\/p>\n\n\n\n<p class=\"wp-block-paragraph\">Na pierwszy rzut oka sprawa wydaje si\u0119 prosta. Wystarczy podzieli\u0107 powierzchni\u0119 hali przez powierzchni\u0119 jednej p\u0142yty. W praktyce takie obliczenie mo\u017ce jednak prowadzi\u0107 do b\u0142\u0119dnego wyniku. P\u0142yty warstwowe s\u0105 elementami wielkoformatowymi, a ich rzeczywista liczba zale\u017cy mi\u0119dzy innymi od szeroko\u015bci krycia, d\u0142ugo\u015bci, sposobu monta\u017cu, geometrii budynku, otwor\u00f3w drzwiowych i okiennych oraz konstrukcji dachu.<\/p>\n\n\n\n<p class=\"wp-block-paragraph\">W MarPanel podczas przygotowywania wyceny nie patrzymy wi\u0119c wy\u0142\u0105cznie na liczb\u0119 metr\u00f3w kwadratowych. Analizujemy rzeczywisty uk\u0142ad przegr\u00f3d i parametry zamawianych p\u0142yt. W naszej ofercie znajduj\u0105 si\u0119 m.in. rozwi\u0105zania \u015bcienne i dachowe PIR, a tak\u017ce p\u0142yty z rdzeniem z we\u0142ny mineralnej. Wybrane p\u0142yty GS insPIRe\u00ae maj\u0105 szeroko\u015b\u0107 modularn\u0105 1000 lub 1140 mm, a maksymalna d\u0142ugo\u015b\u0107 wskazana w dokumentacji produktu wynosi 16,5 m. Oznacza to, \u017ce spos\u00f3b liczenia liczby paneli powinien by\u0107 zwi\u0105zany z konkretnym produktem, a nie z uniwersalnym za\u0142o\u017ceniem.<\/p>\n\n\n\n<p class=\"wp-block-paragraph\">W tym artykule pokazujemy krok po kroku, <strong>jak obliczy\u0107 liczb\u0119 p\u0142yt warstwowych<\/strong>, wykorzystuj\u0105c przyk\u0142ad hali o powierzchni 500 m\u00b2. Wyja\u015bniamy r\u00f3wnie\u017c, dlaczego wynik uzyskany z prostego dzielenia powierzchni nie zawsze b\u0119dzie liczb\u0105 p\u0142yt, kt\u00f3r\u0105 nale\u017cy wpisa\u0107 do zam\u00f3wienia.<\/p>\n\n\n\n<h3 class=\"wp-block-heading\">Dlaczego spos\u00f3b obliczania liczby p\u0142yt warstwowych ma znaczenie?<\/h3>\n\n\n\n<p class=\"wp-block-paragraph\">W przypadku du\u017cej inwestycji nawet niewielki b\u0142\u0105d w obliczeniach mo\u017ce prze\u0142o\u017cy\u0107 si\u0119 na znacz\u0105c\u0105 kwot\u0119. Je\u017celi zam\u00f3wimy zbyt ma\u0142o p\u0142yt, pojawia si\u0119 ryzyko dodatkowej dostawy, op\u00f3\u017anienia prac monta\u017cowych albo konieczno\u015bci zamawiania kolejnej partii materia\u0142u. Je\u017celi zam\u00f3wimy zbyt du\u017co, cz\u0119\u015b\u0107 materia\u0142u mo\u017ce pozosta\u0107 niewykorzystana.<\/p>\n\n\n\n<p class=\"wp-block-paragraph\">Problem wynika przede wszystkim z tego, \u017ce <strong>500 m\u00b2 powierzchni hali nie jest r\u00f3wnoznaczne z 500 m\u00b2 p\u0142yt warstwowych<\/strong>.<\/p>\n\n\n\n<p class=\"wp-block-paragraph\">Powierzchnia podana przy inwestycji mo\u017ce oznacza\u0107 powierzchni\u0119 u\u017cytkow\u0105 lub zabudowy, podczas gdy p\u0142yty b\u0119d\u0105 pokrywa\u0107 zupe\u0142nie inne powierzchnie: cztery \u015bciany oraz dach. Dodatkowo powierzchnia dachu mo\u017ce by\u0107 wi\u0119ksza ni\u017c rzut hali ze wzgl\u0119du na nachylenie po\u0142aci. Do tego dochodz\u0105 bramy, drzwi, okna, \u015bwietliki, coko\u0142y, attyki i inne elementy wp\u0142ywaj\u0105ce na rzeczywist\u0105 ilo\u015b\u0107 materia\u0142u.<\/p>\n\n\n\n<p class=\"wp-block-paragraph\">Znaczenie ma r\u00f3wnie\u017c <strong>szeroko\u015b\u0107 krycia p\u0142yty<\/strong>. Nie nale\u017cy myli\u0107 jej z ca\u0142kowit\u0105 szeroko\u015bci\u0105 elementu. Przyk\u0142adowo w dokumentacji jednej z p\u0142yt GS insPIRe\u00ae S MarPanel podaje szeroko\u015b\u0107 ca\u0142kowit\u0105 1020\/1160 mm oraz szeroko\u015b\u0107 modularn\u0105 1000\/1140 mm w okre\u015blonych wariantach. To w\u0142a\u015bnie szeroko\u015b\u0107 modularna, czyli szeroko\u015b\u0107 efektywnego krycia, jest kluczowa przy liczeniu liczby p\u0142yt ustawianych obok siebie.<\/p>\n\n\n\n<p class=\"wp-block-paragraph\">W praktyce oznacza to, \u017ce dwie hale o identycznej powierzchni 500 m\u00b2 mog\u0105 wymaga\u0107 r\u00f3\u017cnej liczby p\u0142yt. Je\u017celi jedna ma kszta\u0142t zbli\u017cony do kwadratu, a druga jest d\u0142uga i w\u0105ska, zmieni si\u0119 obw\u00f3d \u015bcian, a wi\u0119c r\u00f3wnie\u017c ilo\u015b\u0107 p\u0142yt potrzebnych do ich wykonania.<\/p>\n\n\n\n<p class=\"wp-block-paragraph\">Dlatego prawid\u0142owe obliczenie powinno zaczyna\u0107 si\u0119 nie od pytania \u201eile metr\u00f3w kwadratowych ma hala?\u201d, ale od pytania:<\/p>\n\n\n\n<p class=\"wp-block-paragraph\"><strong>Jakie powierzchnie faktycznie chcemy obudowa\u0107 p\u0142ytami i jakie wymiary maj\u0105 te przegrody?<\/strong><\/p>\n\n\n\n<p class=\"wp-block-paragraph\">Dopiero wtedy mo\u017cemy przej\u015b\u0107 do obliczenia liczby paneli.<\/p>\n\n\n\n<h3 class=\"wp-block-heading\">Jak obliczy\u0107 liczb\u0119 p\u0142yt warstwowych? Podstawowy wz\u00f3r<\/h3>\n\n\n\n<p class=\"wp-block-paragraph\">Najprostszy wz\u00f3r wygl\u0105da nast\u0119puj\u0105co:<\/p>\n\n\n\n<p class=\"wp-block-paragraph\"><strong>Liczba p\u0142yt = d\u0142ugo\u015b\u0107 przegrody \u00f7 szeroko\u015b\u0107 krycia p\u0142yty<\/strong><\/p>\n\n\n\n<p class=\"wp-block-paragraph\">Otrzymany wynik zawsze zaokr\u0105glamy w g\u00f3r\u0119 do pe\u0142nej liczby p\u0142yt.<\/p>\n\n\n\n<p class=\"wp-block-paragraph\">Przyk\u0142adowo, je\u017celi \u015bciana ma 25 m d\u0142ugo\u015bci, a p\u0142yta ma szeroko\u015b\u0107 krycia 1,0 m:<\/p>\n\n\n\n<p class=\"wp-block-paragraph\"><strong>25 m \u00f7 1,0 m = 25 p\u0142yt<\/strong><\/p>\n\n\n\n<p class=\"wp-block-paragraph\">Je\u017celi natomiast zastosujemy p\u0142yt\u0119 o szeroko\u015bci krycia 1,14 m:<\/p>\n\n\n\n<p class=\"wp-block-paragraph\"><strong>25 m \u00f7 1,14 m = 21,93<\/strong><\/p>\n\n\n\n<p class=\"wp-block-paragraph\">W takim przypadku potrzebujemy <strong>22 p\u0142yt<\/strong>.<\/p>\n\n\n\n<p class=\"wp-block-paragraph\">To pokazuje, dlaczego przy obliczaniu liczby p\u0142yt warstwowych nie wystarczy pos\u0142ugiwa\u0107 si\u0119 wy\u0142\u0105cznie cen\u0105 za metr kwadratowy. Zmiana szeroko\u015bci modularnej wp\u0142ywa bezpo\u015brednio na liczb\u0119 element\u00f3w potrzebnych do wykonania konkretnej \u015bciany.<\/p>\n\n\n\n<p class=\"wp-block-paragraph\">Przy obliczeniach musimy tak\u017ce ustali\u0107 kierunek monta\u017cu.<\/p>\n\n\n\n<h3 class=\"wp-block-heading\">Monta\u017c pionowy<\/h3>\n\n\n\n<p class=\"wp-block-paragraph\">Przy monta\u017cu pionowym wysoko\u015b\u0107 \u015bciany jest najcz\u0119\u015bciej zbli\u017cona do d\u0142ugo\u015bci pojedynczej p\u0142yty, natomiast szeroko\u015b\u0107 \u015bciany dzielimy przez szeroko\u015b\u0107 krycia.<\/p>\n\n\n\n<p class=\"wp-block-paragraph\">\u041f\u0440\u0438\u043c\u0435\u0440:<\/p>\n\n\n\n<ul class=\"wp-block-list\">\n<li>d\u0142ugo\u015b\u0107 \u015bciany: 25 m,<\/li>\n\n\n\n<li>wysoko\u015b\u0107: 5 m,<\/li>\n\n\n\n<li>szeroko\u015b\u0107 krycia: 1,0 m,<\/li>\n\n\n\n<li>liczba p\u0142yt: 25 szt.<\/li>\n<\/ul>\n\n\n\n<p class=\"wp-block-paragraph\"><\/p>\n\n\n\n<p class=\"wp-block-paragraph\">Ka\u017cda p\u0142yta b\u0119dzie mia\u0142a oko\u0142o 5 m d\u0142ugo\u015bci.<\/p>\n\n\n\n<h3 class=\"wp-block-heading\">Monta\u017c poziomy<\/h3>\n\n\n\n<p class=\"wp-block-paragraph\">Przy monta\u017cu poziomym sytuacja si\u0119 zmienia. P\u0142yta mo\u017ce przebiega\u0107 wzd\u0142u\u017c \u015bciany, a liczba rz\u0119d\u00f3w zale\u017cy od wysoko\u015bci obiektu. Wtedy trzeba sprawdzi\u0107, jaka d\u0142ugo\u015b\u0107 panelu b\u0119dzie potrzebna w konkretnym uk\u0142adzie.<\/p>\n\n\n\n<p class=\"wp-block-paragraph\">Dlatego w przypadku wi\u0119kszych obiekt\u00f3w nie rekomendujemy traktowania oblicze\u0144 jako prostego dzia\u0142ania matematycznego. Najbezpieczniej przygotowa\u0107 zestawienie ka\u017cdej \u015bciany oraz po\u0142aci dachowej osobno.<\/p>\n\n\n\n<h3 class=\"wp-block-heading\">Jak policzy\u0107 p\u0142yty warstwowe na hal\u0119 500 m\u00b2? Przyk\u0142ad krok po kroku<\/h3>\n\n\n\n<p class=\"wp-block-paragraph\">Za\u0142\u00f3\u017cmy hipotetyczn\u0105 hal\u0119 o powierzchni <strong>500 m\u00b2<\/strong>.<\/p>\n\n\n\n<p class=\"wp-block-paragraph\">Przyjmijmy prostok\u0105tny rzut:<\/p>\n\n\n\n<p class=\"wp-block-paragraph\"><strong>20 m \u00d7 25 m = 500 m\u00b2<\/strong><\/p>\n\n\n\n<p class=\"wp-block-paragraph\">Za\u0142\u00f3\u017cmy r\u00f3wnie\u017c:<\/p>\n\n\n\n<ul class=\"wp-block-list\">\n<li>wysoko\u015b\u0107 \u015bcian: 5 m,<\/li>\n\n\n\n<li>dach dwuspadowy,<\/li>\n\n\n\n<li>nachylenie po\u0142aci: 10\u00b0,<\/li>\n\n\n\n<li>szeroko\u015b\u0107 krycia p\u0142yty: 1,0 m,<\/li>\n\n\n\n<li>monta\u017c \u015bcienny w uk\u0142adzie pionowym,<\/li>\n\n\n\n<li>bez uwzgl\u0119dniania na tym etapie otwor\u00f3w.<\/li>\n<\/ul>\n\n\n\n<p class=\"wp-block-paragraph\"><\/p>\n\n\n\n<p class=\"wp-block-paragraph\">Najpierw obliczamy obw\u00f3d hali:<\/p>\n\n\n\n<p class=\"wp-block-paragraph\"><strong>2 \u00d7 (20 m + 25 m) = 90 m<\/strong><\/p>\n\n\n\n<p class=\"wp-block-paragraph\">Nast\u0119pnie powierzchni\u0119 \u015bcian:<\/p>\n\n\n\n<p class=\"wp-block-paragraph\"><strong>90 m \u00d7 5 m = 450 m\u00b2<\/strong><\/p>\n\n\n\n<p class=\"wp-block-paragraph\">Nie oznacza to jeszcze, \u017ce potrzebujemy 450 m\u00b2 p\u0142yt. Jest to powierzchnia brutto \u015bcian przed odj\u0119ciem otwor\u00f3w.<\/p>\n\n\n\n<p class=\"wp-block-paragraph\">Teraz przechodzimy do dachu.<\/p>\n\n\n\n<p class=\"wp-block-paragraph\">Przy nachyleniu po\u0142aci 10\u00b0 rzeczywista d\u0142ugo\u015b\u0107 po\u0142aci jest wi\u0119ksza ni\u017c po\u0142owa szeroko\u015bci hali. Po\u0142owa szeroko\u015bci wynosi:<\/p>\n\n\n\n<p class=\"wp-block-paragraph\"><strong>20 m \u00f7 2 = 10 m<\/strong><\/p>\n\n\n\n<p class=\"wp-block-paragraph\">Po uwzgl\u0119dnieniu nachylenia 10\u00b0 d\u0142ugo\u015b\u0107 po\u0142aci wynosi oko\u0142o:<\/p>\n\n\n\n<p class=\"wp-block-paragraph\"><strong>10,15 m<\/strong><\/p>\n\n\n\n<p class=\"wp-block-paragraph\">Jedna po\u0142a\u0107 ma wi\u0119c orientacyjnie:<\/p>\n\n\n\n<p class=\"wp-block-paragraph\"><strong>25 m \u00d7 10,15 m = oko\u0142o 253,8 m\u00b2<\/strong><\/p>\n\n\n\n<p class=\"wp-block-paragraph\">Dwie po\u0142acie:<\/p>\n\n\n\n<p class=\"wp-block-paragraph\"><strong>oko\u0142o 507,6 m\u00b2<\/strong><\/p>\n\n\n\n<p class=\"wp-block-paragraph\">\u0141\u0105czna powierzchnia brutto przegr\u00f3d wynosi wi\u0119c oko\u0142o:<\/p>\n\n\n\n<p class=\"wp-block-paragraph\"><strong>450 m\u00b2 \u015bcian + 507,6 m\u00b2 dachu = 957,6 m\u00b2<\/strong><\/p>\n\n\n\n<p class=\"wp-block-paragraph\">To bardzo wa\u017cny wynik.<\/p>\n\n\n\n<p class=\"wp-block-paragraph\">Hala ma <strong>500 m\u00b2 powierzchni rzutu<\/strong>, ale jej obudowa p\u0142ytami mo\u017ce wymaga\u0107 oko\u0142o <strong>958 m\u00b2 powierzchni krycia<\/strong>, zanim odejmiemy otwory.<\/p>\n\n\n\n<p class=\"wp-block-paragraph\">W\u0142a\u015bnie dlatego pytanie \u201eile p\u0142yt potrzeba na hal\u0119 500 m\u00b2?\u201d nie ma jednej uniwersalnej odpowiedzi.<\/p>\n\n\n\n<h3 class=\"wp-block-heading\">Ile p\u0142yt warstwowych potrzeba na \u015bciany hali 500 m\u00b2?<\/h3>\n\n\n\n<p class=\"wp-block-paragraph\">Przyjmijmy, \u017ce wybieramy p\u0142yt\u0119 o szeroko\u015bci modularnej 1000 mm i montujemy j\u0105 pionowo.<\/p>\n\n\n\n<p class=\"wp-block-paragraph\">Dla \u015bcian o d\u0142ugo\u015bciach 20 i 25 m:<\/p>\n\n\n\n<p class=\"wp-block-paragraph\"><strong>\u015aciana 20 m:<\/strong><\/p>\n\n\n\n<p class=\"wp-block-paragraph\">20 \u00f7 1,0 = <strong>20 p\u0142yt<\/strong><\/p>\n\n\n\n<p class=\"wp-block-paragraph\">Mamy dwie takie \u015bciany:<\/p>\n\n\n\n<p class=\"wp-block-paragraph\">20 \u00d7 2 = <strong>40 p\u0142yt<\/strong><\/p>\n\n\n\n<p class=\"wp-block-paragraph\"><strong>\u015aciana 25 m:<\/strong><\/p>\n\n\n\n<p class=\"wp-block-paragraph\">25 \u00f7 1,0 = <strong>25 p\u0142yt<\/strong><\/p>\n\n\n\n<p class=\"wp-block-paragraph\">Mamy dwie takie \u015bciany:<\/p>\n\n\n\n<p class=\"wp-block-paragraph\">25 \u00d7 2 = <strong>50 p\u0142yt<\/strong><\/p>\n\n\n\n<p class=\"wp-block-paragraph\">\u0141\u0105cznie otrzymujemy:<\/p>\n\n\n\n<p class=\"wp-block-paragraph\"><strong>40 + 50 = 90 p\u0142yt \u015bciennych<\/strong><\/p>\n\n\n\n<p class=\"wp-block-paragraph\">Ka\u017cda z nich ma w naszym uproszczonym przyk\u0142adzie oko\u0142o 5 m d\u0142ugo\u015bci.<\/p>\n\n\n\n<p class=\"wp-block-paragraph\">Wa\u017cne: jest to <strong>liczba brutto<\/strong>, przed uwzgl\u0119dnieniem bram, drzwi i okien.<\/p>\n\n\n\n<p class=\"wp-block-paragraph\">Je\u017celi zastosujemy p\u0142yt\u0119 o szeroko\u015bci modularnej 1140 mm, wynik b\u0119dzie inny:<\/p>\n\n\n\n<p class=\"wp-block-paragraph\">20 \u00f7 1,14 = 17,54 \u2192 <strong>18 p\u0142yt<\/strong><\/p>\n\n\n\n<p class=\"wp-block-paragraph\">25 \u00f7 1,14 = 21,93 \u2192 <strong>22 p\u0142yty<\/strong><\/p>\n\n\n\n<p class=\"wp-block-paragraph\">Dwie \u015bciany 20 m:<\/p>\n\n\n\n<p class=\"wp-block-paragraph\">18 \u00d7 2 = <strong>36 p\u0142yt<\/strong><\/p>\n\n\n\n<p class=\"wp-block-paragraph\">Dwie \u015bciany 25 m:<\/p>\n\n\n\n<p class=\"wp-block-paragraph\">22 \u00d7 2 = <strong>44 p\u0142yty<\/strong><\/p>\n\n\n\n<p class=\"wp-block-paragraph\">\u0141\u0105cznie:<\/p>\n\n\n\n<p class=\"wp-block-paragraph\"><strong>36 + 44 = 80 p\u0142yt<\/strong><\/p>\n\n\n\n<p class=\"wp-block-paragraph\">Widzimy wi\u0119c, \u017ce sama zmiana szeroko\u015bci modularnej z 1000 na 1140 mm zmniejsza orientacyjn\u0105 liczb\u0119 paneli \u015bciennych z 90 do 80 sztuk.<\/p>\n\n\n\n<p class=\"wp-block-paragraph\">Nie oznacza to jednak automatycznie, \u017ce wariant 1140 mm b\u0119dzie zawsze lepszy. Nale\u017cy uwzgl\u0119dni\u0107 dost\u0119pno\u015b\u0107 konkretnego wariantu, jego parametry techniczne, spos\u00f3b rozmieszczenia otwor\u00f3w, d\u0142ugo\u015b\u0107 paneli, transport oraz wymagania projektu.<\/p>\n\n\n\n<p class=\"wp-block-paragraph\">W ofercie MarPanel wyst\u0119puj\u0105 warianty p\u0142yt GS insPIRe\u00ae o szeroko\u015bci modularnej 1000 i 1140 mm, dlatego przy przygotowywaniu wyceny mo\u017cemy dobra\u0107 rozwi\u0105zanie do konkretnej inwestycji.<\/p>\n\n\n\n<h3 class=\"wp-block-heading\">Jak obliczy\u0107 liczb\u0119 p\u0142yt dachowych?<\/h3>\n\n\n\n<p class=\"wp-block-paragraph\">Dach liczymy osobno od \u015bcian.<\/p>\n\n\n\n<p class=\"wp-block-paragraph\">To jeden z najcz\u0119stszych b\u0142\u0119d\u00f3w inwestor\u00f3w, kt\u00f3rzy pr\u00f3buj\u0105 obliczy\u0107 wszystkie p\u0142yty na podstawie powierzchni rzutu hali.<\/p>\n\n\n\n<p class=\"wp-block-paragraph\">W naszym przyk\u0142adzie mamy hal\u0119 20 \u00d7 25 m i dach dwuspadowy o nachyleniu 10\u00b0. D\u0142ugo\u015b\u0107 po\u0142aci wynosi oko\u0142o 10,15 m.<\/p>\n\n\n\n<p class=\"wp-block-paragraph\">Je\u017celi p\u0142yty dachowe uk\u0142adamy od okapu do kalenicy, a d\u0142ugo\u015b\u0107 jednej p\u0142yty zostanie dobrana do d\u0142ugo\u015bci po\u0142aci, nie musimy dzieli\u0107 10,15 m przez szeroko\u015b\u0107 p\u0142yty. Liczymy natomiast liczb\u0119 paneli potrzebnych wzd\u0142u\u017c szeroko\u015bci budynku.<\/p>\n\n\n\n<p class=\"wp-block-paragraph\">Dla szeroko\u015bci krycia 1,0 m:<\/p>\n\n\n\n<p class=\"wp-block-paragraph\"><strong>25 m \u00f7 1,0 m = 25 p\u0142yt na jedn\u0105 po\u0142a\u0107<\/strong><\/p>\n\n\n\n<p class=\"wp-block-paragraph\">Dwie po\u0142acie:<\/p>\n\n\n\n<p class=\"wp-block-paragraph\"><strong>25 \u00d7 2 = 50 p\u0142yt dachowych<\/strong><\/p>\n\n\n\n<p class=\"wp-block-paragraph\">W tym przyk\u0142adzie potrzebujemy wi\u0119c orientacyjnie:<\/p>\n\n\n\n<p class=\"wp-block-paragraph\"><strong>50 paneli dachowych o d\u0142ugo\u015bci oko\u0142o 10,15 m.<\/strong><\/p>\n\n\n\n<p class=\"wp-block-paragraph\">To oczywi\u015bcie przyk\u0142ad obliczeniowy. W rzeczywistym zam\u00f3wieniu d\u0142ugo\u015b\u0107 panelu nale\u017cy ustali\u0107 na podstawie projektu, konstrukcji, okapu, kalenicy, detali wyko\u0144czeniowych i zasad monta\u017cu.<\/p>\n\n\n\n<p class=\"wp-block-paragraph\">Warto r\u00f3wnie\u017c pami\u0119ta\u0107, \u017ce p\u0142yta dachowa nie jest po prostu \u201ep\u0142yt\u0105 \u015bcienn\u0105 po\u0142o\u017con\u0105 na dachu\u201d. Ma inne profilowanie i musi by\u0107 dobrana do warunk\u00f3w pracy przegrody. W ofercie MarPanel warianty GS insPIRe\u00ae D s\u0105 przeznaczone do zastosowa\u0144 dachowych, a katalog obejmuje r\u00f3wnie\u017c warianty D MAX.<\/p>\n\n\n\n<p class=\"wp-block-paragraph\">Dlatego kalkulator p\u0142yt warstwowych powinien rozdziela\u0107 co najmniej:<\/p>\n\n\n\n<p class=\"wp-block-paragraph\"><strong>p\u0142yty \u015bcienne + p\u0142yty dachowe + elementy specjalne + odpady wynikaj\u0105ce z docinania.<\/strong><\/p>\n\n\n\n<h3 class=\"wp-block-heading\">Najcz\u0119stsze b\u0142\u0119dy przy obliczaniu ilo\u015bci p\u0142yt warstwowych<\/h3>\n\n\n\n<p class=\"wp-block-paragraph\">Najwi\u0119kszym b\u0142\u0119dem jest za\u0142o\u017cenie, \u017ce wystarczy podzieli\u0107 powierzchni\u0119 hali przez powierzchni\u0119 jednej p\u0142yty.<\/p>\n\n\n\n<p class=\"wp-block-paragraph\">Takie dzia\u0142anie mo\u017ce by\u0107 przydatne jako <strong>wst\u0119pny szacunek<\/strong>, ale nie jako podstawa zam\u00f3wienia.<\/p>\n\n\n\n<h4 class=\"wp-block-heading\">B\u0142\u0105d 1: Liczenie od powierzchni hali<\/h4>\n\n\n\n<p class=\"wp-block-paragraph\">Hala 500 m\u00b2 nie oznacza zapotrzebowania na 500 m\u00b2 p\u0142yt. W naszym przyk\u0142adzie sama powierzchnia brutto \u015bcian i dachu wynios\u0142a oko\u0142o 958 m\u00b2.<\/p>\n\n\n\n<h4 class=\"wp-block-heading\">B\u0142\u0105d 2: Pomijanie szeroko\u015bci krycia<\/h4>\n\n\n\n<p class=\"wp-block-paragraph\">Nie ka\u017cda p\u0142yta ma tak\u0105 sam\u0105 szeroko\u015b\u0107 efektywnego krycia. W zale\u017cno\u015bci od systemu mo\u017ce ona wynosi\u0107 np. 1000 lub 1140 mm. Parametr trzeba sprawdzi\u0107 dla konkretnego produktu.<\/p>\n\n\n\n<h4 class=\"wp-block-heading\">B\u0142\u0105d 3: Brak rozdzielenia \u015bcian i dachu<\/h4>\n\n\n\n<p class=\"wp-block-paragraph\">P\u0142yty \u015bcienne i dachowe pe\u0142ni\u0105 r\u00f3\u017cne funkcje. Nie nale\u017cy tworzy\u0107 jednego zbiorczego zapotrzebowania bez rozdzielenia przegr\u00f3d.<\/p>\n\n\n\n<h4 class=\"wp-block-heading\">B\u0142\u0105d 4: Odj\u0119cie otwor\u00f3w tylko z powierzchni<\/h4>\n\n\n\n<p class=\"wp-block-paragraph\">Brama 4 \u00d7 4 m ma powierzchni\u0119 16 m\u00b2, ale nie zawsze oznacza, \u017ce mo\u017cemy po prostu odj\u0105\u0107 16 m\u00b2 od zapotrzebowania i zam\u00f3wi\u0107 odpowiednio mniej ca\u0142ych paneli. Liczy si\u0119 rozmieszczenie otworu wzgl\u0119dem zamk\u00f3w p\u0142yt i spos\u00f3b ich docinania.<\/p>\n\n\n\n<h4 class=\"wp-block-heading\">B\u0142\u0105d 5: Brak kontroli d\u0142ugo\u015bci<\/h4>\n\n\n\n<p class=\"wp-block-paragraph\">D\u0142ugo\u015b\u0107 panelu powinna odpowiada\u0107 konkretnej przegrodzie. MarPanel podaje dla wybranych p\u0142yt GS insPIRe\u00ae maksymaln\u0105 d\u0142ugo\u015b\u0107 16,5 m, ale nie oznacza to, \u017ce ka\u017cda inwestycja powinna wykorzystywa\u0107 maksymaln\u0105 d\u0142ugo\u015b\u0107.<\/p>\n\n\n\n<h4 class=\"wp-block-heading\">B\u0142\u0105d 6: Automatyczne dodawanie du\u017cego zapasu<\/h4>\n\n\n\n<p class=\"wp-block-paragraph\">Zapas jest potrzebny, ale jego wielko\u015b\u0107 powinna wynika\u0107 z projektu i sposobu ci\u0119cia. Nadmierny zapas zwi\u0119ksza koszt inwestycji i mo\u017ce pozostawi\u0107 trudne do wykorzystania odpady.<\/p>\n\n\n\n<h3 class=\"wp-block-heading\">Jak dok\u0142adnie policzy\u0107 p\u0142yty warstwowe? Nasz praktyczny framework<\/h3>\n\n\n\n<p class=\"wp-block-paragraph\">Je\u017celi chcemy przygotowa\u0107 wiarygodne zapotrzebowanie, proponujemy podzieli\u0107 obliczenia na siedem krok\u00f3w.<\/p>\n\n\n\n<p class=\"wp-block-paragraph\"><strong>Krok 1. Ustal wymiary obiektu.<\/strong><br>Potrzebujemy d\u0142ugo\u015bci, szeroko\u015bci i wysoko\u015bci hali. Przy dachu dwuspadowym trzeba dodatkowo zna\u0107 k\u0105t nachylenia po\u0142aci lub ich rzeczywist\u0105 d\u0142ugo\u015b\u0107.<\/p>\n\n\n\n<p class=\"wp-block-paragraph\"><strong>Krok 2. Oblicz ka\u017cd\u0105 \u015bcian\u0119 osobno.<\/strong><br>Nie traktuj ca\u0142ej elewacji jako jednej powierzchni. Rozpisz cztery \u015bciany, poniewa\u017c ich d\u0142ugo\u015bci mog\u0105 by\u0107 r\u00f3\u017cne.<\/p>\n\n\n\n<p class=\"wp-block-paragraph\"><strong>Krok 3. Oblicz dach jako rzeczywist\u0105 powierzchni\u0119 po\u0142aci.<\/strong><br>Nie korzystaj wy\u0142\u0105cznie z rzutu poziomego dachu.<\/p>\n\n\n\n<p class=\"wp-block-paragraph\"><strong>Krok 4. Wybierz konkretny system p\u0142yty.<\/strong><br>Ustal rodzaj rdzenia, grubo\u015b\u0107, przeznaczenie, szeroko\u015b\u0107 modularn\u0105, profilowanie oraz wymagane parametry techniczne.<\/p>\n\n\n\n<p class=\"wp-block-paragraph\"><strong>Krok 5. Ustal kierunek monta\u017cu.<\/strong><br>P\u0142yta montowana pionowo b\u0119dzie liczona inaczej ni\u017c p\u0142yta montowana poziomo.<\/p>\n\n\n\n<p class=\"wp-block-paragraph\"><strong>Krok 6. Uwzgl\u0119dnij otwory i detale.<\/strong><br>Bramy, drzwi, okna, \u015bwietliki, naro\u017cniki, strefy coko\u0142owe i inne elementy wp\u0142ywaj\u0105 na rzeczywiste zu\u017cycie.<\/p>\n\n\n\n<p class=\"wp-block-paragraph\"><strong>Krok 7. Zweryfikuj wynik przed zam\u00f3wieniem.<\/strong><br>Dopiero po sprawdzeniu wymiar\u00f3w, d\u0142ugo\u015bci paneli i uk\u0142adu monta\u017cowego mo\u017cemy przygotowa\u0107 finalne zestawienie.<\/p>\n\n\n\n<p class=\"wp-block-paragraph\">To podej\u015bcie jest znacznie bezpieczniejsze ni\u017c u\u017cycie jednego uniwersalnego kalkulatora p\u0142yt warstwowych.<\/p>\n\n\n\n<h3 class=\"wp-block-heading\">Hala 500 m\u00b2 \u2013 podsumowanie naszego przyk\u0142adu<\/h3>\n\n\n\n<p class=\"wp-block-paragraph\">Przyjmijmy ponownie:<\/p>\n\n\n\n<figure class=\"wp-block-table\"><table class=\"has-fixed-layout\"><tbody><tr><th>\u041f\u0430\u0440\u0430\u043c\u0435\u0442\u0440<\/th><th>Warto\u015b\u0107 przyk\u0142adowa<\/th><\/tr><tr><td>Wymiary hali<\/td><td>20 \u00d7 25 m<\/td><\/tr><tr><td>Powierzchnia rzutu<\/td><td>500 m\u00b2<\/td><\/tr><tr><td>Wysoko\u015b\u0107 \u015bcian<\/td><td>5 m<\/td><\/tr><tr><td>Obw\u00f3d<\/td><td>90 m<\/td><\/tr><tr><td>Powierzchnia \u015bcian brutto<\/td><td>450 m\u00b2<\/td><\/tr><tr><td>Dach<\/td><td>dwuspadowy<\/td><\/tr><tr><td>Nachylenie dachu<\/td><td>10\u00b0<\/td><\/tr><tr><td>Powierzchnia dachu<\/td><td>ok. 507,6 m\u00b2<\/td><\/tr><tr><td>\u0141\u0105czna powierzchnia \u015bcian + dachu<\/td><td>ok. 957,6 m\u00b2<\/td><\/tr><tr><td>Szeroko\u015b\u0107 krycia \u2013 wariant A<\/td><td>1000 mm<\/td><\/tr><tr><td>P\u0142yty \u015bcienne \u2013 brutto<\/td><td>ok. 90 szt.<\/td><\/tr><tr><td>P\u0142yty dachowe \u2013 brutto<\/td><td>ok. 50 szt.<\/td><\/tr><tr><td>\u0141\u0105cznie \u2013 przyk\u0142ad<\/td><td>ok. 140 szt.<\/td><\/tr><\/tbody><\/table><\/figure>\n\n\n\n<p class=\"wp-block-paragraph\">W przypadku p\u0142yty o szeroko\u015bci modularnej 1140 mm liczba paneli \u015bciennych w tym uproszczonym przyk\u0142adzie spada do oko\u0142o 80 sztuk, natomiast liczba paneli dachowych zale\u017cy od tego, w jaki spos\u00f3b szeroko\u015b\u0107 budynku jest dzielona przez efektywn\u0105 szeroko\u015b\u0107 krycia.<\/p>\n\n\n\n<p class=\"wp-block-paragraph\"><strong>Nie nale\u017cy jednak traktowa\u0107 140 sztuk jako gotowej liczby do zam\u00f3wienia.<\/strong><\/p>\n\n\n\n<p class=\"wp-block-paragraph\">Jest to przyk\u0142ad pokazuj\u0105cy metod\u0119 obliczeniow\u0105. W realnej inwestycji musimy uwzgl\u0119dni\u0107 otwory, uk\u0142ad konstrukcji, d\u0142ugo\u015bci produkcyjne, kierunek monta\u017cu, wymagania projektowe i konkretny model p\u0142yty.<\/p>\n\n\n\n<p class=\"wp-block-paragraph\">To w\u0142a\u015bnie r\u00f3\u017cnica mi\u0119dzy \u201eobliczeniem orientacyjnym\u201d a profesjonalnym zestawieniem materia\u0142owym.<\/p>\n\n\n\n<h3 class=\"wp-block-heading\">Czy kalkulator p\u0142yt warstwowych wystarczy do z\u0142o\u017cenia zam\u00f3wienia?<\/h3>\n\n\n\n<p class=\"wp-block-paragraph\">Kalkulator mo\u017ce by\u0107 bardzo pomocny na etapie koncepcyjnym. Pozwala szybko sprawdzi\u0107, czy inwestycja b\u0119dzie wymaga\u0142a kilkudziesi\u0119ciu, czy kilkuset paneli oraz jak zmieni si\u0119 zapotrzebowanie po zastosowaniu innej szeroko\u015bci krycia.<\/p>\n\n\n\n<p class=\"wp-block-paragraph\">Nie powinien jednak zast\u0119powa\u0107 weryfikacji technicznej.<\/p>\n\n\n\n<p class=\"wp-block-paragraph\">Dlaczego?<\/p>\n\n\n\n<p class=\"wp-block-paragraph\">Poniewa\u017c algorytm mo\u017ce zna\u0107 powierzchni\u0119 \u015bciany, ale nie musi wiedzie\u0107, gdzie znajduje si\u0119 brama. Mo\u017ce zna\u0107 powierzchni\u0119 dachu, ale nie uwzgl\u0119dnia\u0107 jego rzeczywistego nachylenia. Mo\u017ce policzy\u0107 powierzchni\u0119 p\u0142yt, ale nie sprawdzi\u0107, czy konkretna d\u0142ugo\u015b\u0107 panelu jest odpowiednia dla przyj\u0119tego sposobu monta\u017cu.<\/p>\n\n\n\n<p class=\"wp-block-paragraph\">Dlatego warto rozr\u00f3\u017cni\u0107 dwa poziomy oblicze\u0144:<\/p>\n\n\n\n<p class=\"wp-block-paragraph\"><strong>Kalkulacja orientacyjna<\/strong> \u2013 s\u0142u\u017cy do oszacowania ilo\u015bci materia\u0142u i bud\u017cetu.<\/p>\n\n\n\n<p class=\"wp-block-paragraph\"><strong>Kalkulacja zam\u00f3wieniowa<\/strong> \u2013 powinna uwzgl\u0119dnia\u0107 konkretny produkt, wymiary ka\u017cdej przegrody, d\u0142ugo\u015bci p\u0142yt, otwory, kierunek monta\u017cu i wymagania techniczne.<\/p>\n\n\n\n<p class=\"wp-block-paragraph\">W MarPanel traktujemy zapytanie ofertowe jako podstaw\u0119 do dobrania konkretnego rozwi\u0105zania. Nasza oferta obejmuje r\u00f3\u017cne rodzaje p\u0142yt warstwowych, w tym p\u0142yty PIR oraz rozwi\u0105zania z rdzeniem z we\u0142ny mineralnej. Na stronie prezentujemy r\u00f3wnie\u017c osobne grupy produkt\u00f3w \u015bciennych, dachowych i ch\u0142odniczych.<\/p>\n\n\n\n<p class=\"wp-block-paragraph\">Dlatego je\u017celi inwestor zna ju\u017c podstawowe wymiary hali, ale nie jest pewien, jak przeliczy\u0107 je na liczb\u0119 paneli, warto przekaza\u0107 nam dane obiektu i poprosi\u0107 o przygotowanie odpowiedniego zestawienia.<\/p>\n\n\n\n<h3 class=\"wp-block-heading\">FAQ \u2013 najcz\u0119\u015bciej zadawane pytania<\/h3>\n\n\n\n<h4 class=\"wp-block-heading\">1. Jak obliczy\u0107 liczb\u0119 p\u0142yt warstwowych na hal\u0119?<\/h4>\n\n\n\n<p class=\"wp-block-paragraph\">Najpierw nale\u017cy okre\u015bli\u0107 powierzchnie \u015bcian i dachu, a nast\u0119pnie podzieli\u0107 d\u0142ugo\u015b\u0107 ka\u017cdej przegrody przez szeroko\u015b\u0107 krycia konkretnej p\u0142yty. Wynik zaokr\u0105glamy w g\u00f3r\u0119, a nast\u0119pnie uwzgl\u0119dniamy otwory, spos\u00f3b monta\u017cu i wymagane d\u0142ugo\u015bci paneli.<\/p>\n\n\n\n<h4 class=\"wp-block-heading\">2. Ile p\u0142yt warstwowych potrzeba na hal\u0119 500 m\u00b2?<\/h4>\n\n\n\n<p class=\"wp-block-paragraph\">Nie ma jednej warto\u015bci, poniewa\u017c zale\u017cy to od wymiar\u00f3w hali, wysoko\u015bci \u015bcian, geometrii dachu, szeroko\u015bci krycia oraz liczby otwor\u00f3w. W naszym przyk\u0142adowym obiekcie 20 \u00d7 25 m i wysoko\u015bci 5 m zapotrzebowanie brutto mo\u017ce wynie\u015b\u0107 oko\u0142o 140 paneli przy przyj\u0119tych za\u0142o\u017ceniach.<\/p>\n\n\n\n<h4 class=\"wp-block-heading\">3. Czy 500 m\u00b2 hali oznacza 500 m\u00b2 p\u0142yt?<\/h4>\n\n\n\n<p class=\"wp-block-paragraph\">Nie. 500 m\u00b2 mo\u017ce oznacza\u0107 powierzchni\u0119 rzutu budynku, podczas gdy p\u0142yty pokrywaj\u0105 \u015bciany i rzeczywist\u0105 powierzchni\u0119 dachu. W praktyce powierzchnia p\u0142yt mo\u017ce by\u0107 znacznie wi\u0119ksza.<\/p>\n\n\n\n<h4 class=\"wp-block-heading\">4. Jak\u0105 szeroko\u015b\u0107 p\u0142yty warstwowej przyj\u0105\u0107 do oblicze\u0144?<\/h4>\n\n\n\n<p class=\"wp-block-paragraph\">Nale\u017cy korzysta\u0107 z szeroko\u015bci modularnej, czyli efektywnej szeroko\u015bci krycia, podanej dla konkretnego produktu. W wybranych p\u0142ytach GS insPIRe\u00ae MarPanel dost\u0119pne s\u0105 warianty 1000 i 1140 mm.<\/p>\n\n\n\n<h4 class=\"wp-block-heading\">5. Czy trzeba doliczy\u0107 zapas p\u0142yt?<\/h4>\n\n\n\n<p class=\"wp-block-paragraph\">Zapas powinien by\u0107 ustalany indywidualnie. Nie warto automatycznie dodawa\u0107 du\u017cego procentowego zapasu bez analizy rozkroju, poniewa\u017c mo\u017ce to niepotrzebnie zwi\u0119kszy\u0107 koszt inwestycji.<\/p>\n\n\n\n<h4 class=\"wp-block-heading\">6. Czy mo\u017cna samodzielnie policzy\u0107 p\u0142yty warstwowe?<\/h4>\n\n\n\n<p class=\"wp-block-paragraph\">Tak, orientacyjne obliczenie mo\u017cna wykona\u0107 samodzielnie. Przy wi\u0119kszej inwestycji finalne zestawienie warto jednak zweryfikowa\u0107 z dostawc\u0105 i dokumentacj\u0105 techniczn\u0105 konkretnego systemu.<\/p>\n\n\n\n<h4 class=\"wp-block-heading\">7. Czy p\u0142yty \u015bcienne i dachowe liczy si\u0119 tak samo?<\/h4>\n\n\n\n<p class=\"wp-block-paragraph\">Nie. P\u0142yty \u015bcienne i dachowe maj\u0105 inne zastosowanie i mog\u0105 mie\u0107 inne profilowanie oraz parametry. W ofercie MarPanel s\u0105 one rozdzielone na odpowiednie grupy produktowe.<\/p>\n\n\n\n<h3 class=\"wp-block-heading\">Checklista przed zam\u00f3wieniem p\u0142yt warstwowych<\/h3>\n\n\n\n<p class=\"wp-block-paragraph\">Przed wys\u0142aniem zapytania ofertowego warto sprawdzi\u0107:<\/p>\n\n\n\n<ul class=\"wp-block-list\">\n<li>d\u0142ugo\u015b\u0107 hali,<\/li>\n\n\n\n<li>szeroko\u015b\u0107 hali,<\/li>\n\n\n\n<li>wysoko\u015b\u0107 \u015bcian,<\/li>\n\n\n\n<li>rodzaj konstrukcji dachu,<\/li>\n\n\n\n<li>k\u0105t nachylenia po\u0142aci,<\/li>\n\n\n\n<li>d\u0142ugo\u015b\u0107 ka\u017cdej po\u0142aci dachowej,<\/li>\n\n\n\n<li>liczb\u0119 i wymiary bram,<\/li>\n\n\n\n<li>liczb\u0119 i wymiary drzwi,<\/li>\n\n\n\n<li>liczb\u0119 i wymiary okien,<\/li>\n\n\n\n<li>rodzaj p\u0142yty \u015bciennej,<\/li>\n\n\n\n<li>rodzaj p\u0142yty dachowej,<\/li>\n\n\n\n<li>rodzaj rdzenia,<\/li>\n\n\n\n<li>grubo\u015b\u0107 p\u0142yty,<\/li>\n\n\n\n<li>szeroko\u015b\u0107 modularn\u0105,<\/li>\n\n\n\n<li>kierunek monta\u017cu,<\/li>\n\n\n\n<li>kolor i profilowanie,<\/li>\n\n\n\n<li>wymagania dotycz\u0105ce izolacyjno\u015bci,<\/li>\n\n\n\n<li>wymagania przeciwpo\u017carowe,<\/li>\n\n\n\n<li>d\u0142ugo\u015b\u0107 pojedynczych paneli,<\/li>\n\n\n\n<li>spos\u00f3b transportu i roz\u0142adunku,<\/li>\n\n\n\n<li>obr\u00f3bki blacharskie,<\/li>\n\n\n\n<li>elementy mocuj\u0105ce i akcesoria.<\/li>\n<\/ul>\n\n\n\n<p class=\"wp-block-paragraph\"><\/p>\n\n\n\n<h3 class=\"wp-block-heading\">Fakty i mity dotycz\u0105ce obliczania p\u0142yt warstwowych<\/h3>\n\n\n\n<h4 class=\"wp-block-heading\">FAKT 1: Powierzchnia hali nie wystarcza do okre\u015blenia liczby p\u0142yt<\/h4>\n\n\n\n<p class=\"wp-block-paragraph\">Do dok\u0142adnego wyliczenia potrzebujemy geometrii ca\u0142ego obiektu. Sama powierzchnia 500 m\u00b2 mo\u017ce odpowiada\u0107 wielu r\u00f3\u017cnym uk\u0142adom wymiar\u00f3w, a ka\u017cdy z nich b\u0119dzie mia\u0142 inn\u0105 powierzchni\u0119 \u015bcian.<\/p>\n\n\n\n<h4 class=\"wp-block-heading\">FAKT 2: Szeroko\u015b\u0107 krycia wp\u0142ywa na liczb\u0119 potrzebnych paneli<\/h4>\n\n\n\n<p class=\"wp-block-paragraph\">Je\u017celi p\u0142yta ma wi\u0119ksz\u0105 szeroko\u015b\u0107 efektywnego krycia, do pokrycia tej samej d\u0142ugo\u015bci \u015bciany mo\u017ce by\u0107 potrzebnych mniej element\u00f3w. W ofercie MarPanel wyst\u0119puj\u0105 m.in. warianty o szeroko\u015bci modularnej 1000 i 1140 mm.<\/p>\n\n\n\n<h4 class=\"wp-block-heading\">FAKT 3: Dach trzeba liczy\u0107 jako rzeczywist\u0105 po\u0142a\u0107<\/h4>\n\n\n\n<p class=\"wp-block-paragraph\">Przy dachu nachylonym jego powierzchnia jest wi\u0119ksza ni\u017c powierzchnia rzutu poziomego. Im wi\u0119ksze nachylenie, tym wi\u0119ksza r\u00f3\u017cnica.<\/p>\n\n\n\n<h4 class=\"wp-block-heading\">MIT 1: \u201e500 m\u00b2 hali = 500 m\u00b2 p\u0142yt\u201d<\/h4>\n\n\n\n<p class=\"wp-block-paragraph\">To nieprawda. P\u0142yty pokrywaj\u0105 \u015bciany oraz dach, dlatego ich \u0142\u0105czna powierzchnia mo\u017ce by\u0107 niemal dwukrotnie wi\u0119ksza od powierzchni rzutu hali.<\/p>\n\n\n\n<h4 class=\"wp-block-heading\">MIT 2: \u201eWystarczy podzieli\u0107 powierzchni\u0119 przez powierzchni\u0119 jednej p\u0142yty\u201d<\/h4>\n\n\n\n<p class=\"wp-block-paragraph\">Takie obliczenie jest jedynie orientacyjne. W praktyce liczymy elementy wed\u0142ug wymiar\u00f3w konkretnych przegr\u00f3d i szeroko\u015bci krycia.<\/p>\n\n\n\n<h4 class=\"wp-block-heading\">MIT 3: \u201eIm wi\u0119kszy zapas, tym bezpieczniej\u201d<\/h4>\n\n\n\n<p class=\"wp-block-paragraph\">Nie zawsze. Nadmierny zapas oznacza zamro\u017cenie kapita\u0142u i mo\u017ce wygenerowa\u0107 odpady. Lepiej prawid\u0142owo rozplanowa\u0107 p\u0142yty i dopiero na tej podstawie okre\u015bli\u0107 racjonalny zapas.<\/p>\n\n\n\n<h3 class=\"wp-block-heading\">Mini-case study: jak wygl\u0105da obliczenie hali 500 m\u00b2 w praktyce?<\/h3>\n\n\n\n<p class=\"wp-block-paragraph\">Za\u0142\u00f3\u017cmy, \u017ce zg\u0142asza si\u0119 do nas inwestor planuj\u0105cy budow\u0119 hali o wymiarach 20 \u00d7 25 m. Powierzchnia rzutu wynosi 500 m\u00b2, a wysoko\u015b\u0107 \u015bcian to 5 m.<\/p>\n\n\n\n<p class=\"wp-block-paragraph\">Inwestor pocz\u0105tkowo zak\u0142ada, \u017ce potrzebuje oko\u0142o 500 m\u00b2 p\u0142yt. Po przeanalizowaniu obiektu okazuje si\u0119 jednak, \u017ce taka kalkulacja nie uwzgl\u0119dnia ani \u015bcian, ani rzeczywistej powierzchni dachu.<\/p>\n\n\n\n<p class=\"wp-block-paragraph\">Najpierw wyliczamy \u015bciany:<\/p>\n\n\n\n<p class=\"wp-block-paragraph\"><strong>90 m obwodu \u00d7 5 m wysoko\u015bci = 450 m\u00b2.<\/strong><\/p>\n\n\n\n<p class=\"wp-block-paragraph\">Nast\u0119pnie analizujemy dach dwuspadowy o nachyleniu 10\u00b0. Jego rzeczywista powierzchnia wynosi oko\u0142o 507,6 m\u00b2.<\/p>\n\n\n\n<p class=\"wp-block-paragraph\">\u0141\u0105cznie otrzymujemy oko\u0142o:<\/p>\n\n\n\n<p class=\"wp-block-paragraph\"><strong>957,6 m\u00b2 powierzchni brutto przegr\u00f3d.<\/strong><\/p>\n\n\n\n<p class=\"wp-block-paragraph\">Dopiero teraz przechodzimy do liczby element\u00f3w. Przy szeroko\u015bci modularnej 1000 mm \u015bciany wymagaj\u0105 w uproszczonym uk\u0142adzie oko\u0142o 90 paneli, a dach oko\u0142o 50 paneli. Otrzymujemy wi\u0119c oko\u0142o 140 element\u00f3w przed uwzgl\u0119dnieniem otwor\u00f3w i szczeg\u00f3\u0142\u00f3w wykonawczych.<\/p>\n\n\n\n<p class=\"wp-block-paragraph\">Nast\u0119pnie sprawdzamy bramy i okna. Za\u0142\u00f3\u017cmy, \u017ce obiekt posiada du\u017c\u0105 bram\u0119 przemys\u0142ow\u0105 oraz kilka okien. Nie odejmujemy jednak automatycznie ich powierzchni od liczby paneli. Sprawdzamy, jak otwory wypadaj\u0105 wzgl\u0119dem podzia\u0142u elewacji i czy mo\u017cliwe jest efektywne wykorzystanie element\u00f3w po doci\u0119ciu.<\/p>\n\n\n\n<p class=\"wp-block-paragraph\">Na ko\u0144cu ustalamy konkretne warianty p\u0142yt, ich grubo\u015b\u0107, szeroko\u015b\u0107 modularn\u0105, d\u0142ugo\u015bci, kolor, profilowanie i wymagania techniczne.<\/p>\n\n\n\n<p class=\"wp-block-paragraph\">To w\u0142a\u015bnie na tym etapie orientacyjny kalkulator zamienia si\u0119 w rzeczywiste zestawienie materia\u0142owe.<\/p>\n\n\n\n<h3 class=\"wp-block-heading\">Podsumowanie \u2013 jak obliczy\u0107 liczb\u0119 p\u0142yt warstwowych bez kosztownych b\u0142\u0119d\u00f3w?<\/h3>\n\n\n\n<p class=\"wp-block-paragraph\">Je\u017celi chcemy odpowiedzie\u0107 na pytanie <strong>jak obliczy\u0107 liczb\u0119 p\u0142yt warstwowych<\/strong>, najwa\u017cniejsza zasada jest prosta: nie zaczynamy od powierzchni hali, tylko od jej rzeczywistych przegr\u00f3d.<\/p>\n\n\n\n<p class=\"wp-block-paragraph\">Najpierw okre\u015blamy wymiary \u015bcian, nast\u0119pnie wysoko\u015b\u0107, otwory i spos\u00f3b monta\u017cu. Dach analizujemy jako rzeczywiste po\u0142acie, a nie tylko jako rzut budynku. Potem wybieramy konkretny rodzaj p\u0142yty i sprawdzamy jej szeroko\u015b\u0107 modularn\u0105. Dopiero na tej podstawie wyliczamy liczb\u0119 paneli.<\/p>\n\n\n\n<p class=\"wp-block-paragraph\">W przypadku przyk\u0142adowej hali 500 m\u00b2 o wymiarach 20 \u00d7 25 m powierzchnia rzutu wynosi 500 m\u00b2, ale powierzchnia brutto \u015bcian i dachu mo\u017ce wynosi\u0107 oko\u0142o 958 m\u00b2. Przy konkretnych za\u0142o\u017ceniach dotycz\u0105cych szeroko\u015bci krycia otrzymujemy oko\u0142o 140 paneli przed uwzgl\u0119dnieniem otwor\u00f3w i szczeg\u00f3\u0142\u00f3w wykonawczych.<\/p>\n\n\n\n<p class=\"wp-block-paragraph\">To pokazuje, dlaczego prawid\u0142owe obliczenie nie powinno opiera\u0107 si\u0119 na jednym uniwersalnym wsp\u00f3\u0142czynniku.<\/p>\n\n\n\n<p class=\"wp-block-paragraph\">W MarPanel pomagamy dobra\u0107 odpowiednie rozwi\u0105zanie do konkretnej inwestycji. Oferujemy szeroki wyb\u00f3r p\u0142yt warstwowych, w tym p\u0142yty PIR, p\u0142yty \u015bcienne i dachowe oraz rozwi\u0105zania z rdzeniem z we\u0142ny mineralnej. Nasza oferta obejmuje r\u00f3wnie\u017c r\u00f3\u017cne warianty szeroko\u015bci modularnej, grubo\u015bci i zastosowa\u0144.<\/p>\n\n\n\n<p class=\"wp-block-paragraph\">Je\u017celi planuj\u0105 Pa\u0144stwo hal\u0119, magazyn, obiekt produkcyjny, rolniczy lub ch\u0142odniczy i chc\u0105 wiedzie\u0107, <strong>ile p\u0142yt warstwowych rzeczywi\u015bcie nale\u017cy zam\u00f3wi\u0107<\/strong>, warto przygotowa\u0107 podstawowe dane obiektu i <strong><a href=\"https:\/\/marpanel.pl\/ru\/plyty-warstwowe-nowy-sacz-marpanel\/\">skonsultowa\u0107 je z naszym zespo\u0142em<\/a><\/strong>.<\/p>\n\n\n\n<p class=\"wp-block-paragraph\">Dzi\u0119ki temu mo\u017cna unikn\u0105\u0107 zar\u00f3wno niedoboru materia\u0142u, jak i niepotrzebnego zakupu nadmiernej ilo\u015bci p\u0142yt.<\/p>\n\n\n\n<p class=\"wp-block-paragraph\"><strong>MarPanel \u2013 dob\u00f3r p\u0142yt warstwowych powinien zaczyna\u0107 si\u0119 od prawid\u0142owych oblicze\u0144, a nie od zgadywania.<\/strong><\/p>\n\n\n\n<h3 class=\"wp-block-heading\">Bonus \u2013 kr\u00f3tkie odpowiedzi dla klient\u00f3w<\/h3>\n\n\n\n<h4 class=\"wp-block-heading\">Jak obliczy\u0107 liczb\u0119 p\u0142yt warstwowych?<\/h4>\n\n\n\n<p class=\"wp-block-paragraph\">Liczb\u0119 p\u0142yt warstwowych obliczamy, dziel\u0105c d\u0142ugo\u015b\u0107 konkretnej przegrody przez efektywn\u0105 szeroko\u015b\u0107 krycia p\u0142yty i zaokr\u0105glaj\u0105c wynik w g\u00f3r\u0119. Osobno nale\u017cy policzy\u0107 \u015bciany i dach oraz uwzgl\u0119dni\u0107 otwory, kierunek monta\u017cu i d\u0142ugo\u015b\u0107 paneli.<\/p>\n\n\n\n<h4 class=\"wp-block-heading\">Ile p\u0142yt warstwowych potrzeba na hal\u0119 500 m\u00b2?<\/h4>\n\n\n\n<p class=\"wp-block-paragraph\">Nie mo\u017cna okre\u015bli\u0107 liczby p\u0142yt wy\u0142\u0105cznie na podstawie powierzchni 500 m\u00b2. Potrzebne s\u0105 co najmniej wymiary hali, wysoko\u015b\u0107 \u015bcian, geometria dachu, szeroko\u015b\u0107 krycia p\u0142yt oraz informacje o bramach i oknach.<\/p>\n\n\n\n<h4 class=\"wp-block-heading\">Jak obliczy\u0107 p\u0142yty warstwowe na dach?<\/h4>\n\n\n\n<p class=\"wp-block-paragraph\">Najpierw nale\u017cy obliczy\u0107 rzeczywist\u0105 powierzchni\u0119 ka\u017cdej po\u0142aci, uwzgl\u0119dniaj\u0105c jej nachylenie. Nast\u0119pnie liczb\u0119 paneli okre\u015bla si\u0119 na podstawie szeroko\u015bci krycia oraz d\u0142ugo\u015bci potrzebnej do wykonania po\u0142aci.<\/p>\n\n\n\n<h4 class=\"wp-block-heading\">Czy mo\u017cna u\u017cy\u0107 kalkulatora p\u0142yt warstwowych?<\/h4>\n\n\n\n<p class=\"wp-block-paragraph\">Tak, kalkulator mo\u017ce s\u0142u\u017cy\u0107 do wykonania orientacyjnego obliczenia. Przed z\u0142o\u017ceniem zam\u00f3wienia wynik nale\u017cy jednak zweryfikowa\u0107 wzgl\u0119dem konkretnego produktu, wymiar\u00f3w przegr\u00f3d, otwor\u00f3w i dokumentacji technicznej.<\/p>\n\n\n\n<h4 class=\"wp-block-heading\">Czy szeroko\u015b\u0107 p\u0142yty wp\u0142ywa na jej ilo\u015b\u0107?<\/h4>\n\n\n\n<p class=\"wp-block-paragraph\">Tak. Im wi\u0119ksza efektywna szeroko\u015b\u0107 krycia, tym mniej paneli mo\u017ce by\u0107 potrzebnych do pokrycia tej samej d\u0142ugo\u015bci przegrody. Zawsze nale\u017cy jednak korzysta\u0107 z parametr\u00f3w konkretnego modelu p\u0142yty.<\/p>",
        "protected": false
    },
    "excerpt": {
        "rendered": "<p>Budowa hali o powierzchni 500 m\u00b2 oznacza konieczno\u015b\u0107 dok\u0142adnego zaplanowania nie tylko konstrukcji stalowej, ale r\u00f3wnie\u017c jej obudowy. Jednym z najcz\u0119\u015bciej zadawanych przez inwestor\u00f3w pyta\u0144 jest: jak obliczy\u0107 liczb\u0119 p\u0142yt warstwowych, aby zam\u00f3wi\u0107 odpowiedni\u0105 ilo\u015b\u0107 materia\u0142u i jednocze\u015bnie nie kupi\u0107 go zbyt du\u017co? Na pierwszy rzut oka sprawa wydaje si\u0119 prosta. Wystarczy podzieli\u0107 powierzchni\u0119 hali [&hellip;]<\/p>",
        "protected": false
    },
    "author": 1,
    "featured_media": 4035,
    "comment_status": "open",
    "ping_status": "open",
    "sticky": false,
    "template": "",
    "format": "standard",
    "meta": {
        "_acf_changed": false,
        "footnotes": ""
    },
    "categories": [
        1
    ],
    "tags": [],
    "class_list": [
        "post-4031",
        "post",
        "type-post",
        "status-publish",
        "format-standard",
        "has-post-thumbnail",
        "hentry",
        "category-bez-kategorii"
    ],
    "acf": [],
    "_links": {
        "self": [
            {
                "href": "https:\/\/marpanel.pl\/ru\/index.php?rest_route=\/wp\/v2\/posts\/4031",
                "targetHints": {
                    "allow": [
                        "GET"
                    ]
                }
            }
        ],
        "collection": [
            {
                "href": "https:\/\/marpanel.pl\/ru\/index.php?rest_route=\/wp\/v2\/posts"
            }
        ],
        "about": [
            {
                "href": "https:\/\/marpanel.pl\/ru\/index.php?rest_route=\/wp\/v2\/types\/post"
            }
        ],
        "author": [
            {
                "embeddable": true,
                "href": "https:\/\/marpanel.pl\/ru\/index.php?rest_route=\/wp\/v2\/users\/1"
            }
        ],
        "replies": [
            {
                "embeddable": true,
                "href": "https:\/\/marpanel.pl\/ru\/index.php?rest_route=%2Fwp%2Fv2%2Fcomments&post=4031"
            }
        ],
        "version-history": [
            {
                "count": 2,
                "href": "https:\/\/marpanel.pl\/ru\/index.php?rest_route=\/wp\/v2\/posts\/4031\/revisions"
            }
        ],
        "predecessor-version": [
            {
                "id": 4033,
                "href": "https:\/\/marpanel.pl\/ru\/index.php?rest_route=\/wp\/v2\/posts\/4031\/revisions\/4033"
            }
        ],
        "wp:featuredmedia": [
            {
                "embeddable": true,
                "href": "https:\/\/marpanel.pl\/ru\/index.php?rest_route=\/wp\/v2\/media\/4035"
            }
        ],
        "wp:attachment": [
            {
                "href": "https:\/\/marpanel.pl\/ru\/index.php?rest_route=%2Fwp%2Fv2%2Fmedia&parent=4031"
            }
        ],
        "wp:term": [
            {
                "taxonomy": "category",
                "embeddable": true,
                "href": "https:\/\/marpanel.pl\/ru\/index.php?rest_route=%2Fwp%2Fv2%2Fcategories&post=4031"
            },
            {
                "taxonomy": "post_tag",
                "embeddable": true,
                "href": "https:\/\/marpanel.pl\/ru\/index.php?rest_route=%2Fwp%2Fv2%2Ftags&post=4031"
            }
        ],
        "curies": [
            {
                "name": "wp",
                "href": "https:\/\/api.w.org\/{rel}",
                "templated": true
            }
        ]
    }
}