{
    "id": 4059,
    "date": "2026-09-04T08:00:00",
    "date_gmt": "2026-09-04T06:00:00",
    "guid": {
        "rendered": "https:\/\/marpanel.pl\/?p=4059"
    },
    "modified": "2026-09-02T12:46:07",
    "modified_gmt": "2026-09-02T10:46:07",
    "slug": "dlaczego-plyty-warstwowe-chronione-przed-woda-blog",
    "status": "publish",
    "type": "post",
    "link": "https:\/\/marpanel.pl\/uk\/?p=4059",
    "title": {
        "rendered": "Dlaczego p\u0142yty warstwowe powinny by\u0107 chronione przed wod\u0105 podczas sk\u0142adowania?"
    },
    "content": {
        "rendered": "<p class=\"wp-block-paragraph\">Wyobra\u017amy sobie typow\u0105 sytuacj\u0119 na budowie. Dostawa p\u0142yt warstwowych dociera zgodnie z harmonogramem, ale monta\u017c rozpocznie si\u0119 dopiero za kilka dni albo nawet za kilka tygodni. Pakiety zostaj\u0105 wi\u0119c ustawione na placu budowy i przykryte \u201ena szybko\u201d. Pada deszcz, p\u00f3\u017aniej pojawia si\u0119 s\u0142o\u0144ce, nast\u0119pnie nocna kondensacja. Z zewn\u0105trz wszystko mo\u017ce wygl\u0105da\u0107 dobrze. Problem zaczyna si\u0119 wewn\u0105trz pakietu.<\/p>\n\n\n\n<p class=\"wp-block-paragraph\"><strong>Czy p\u0142yty warstwowe mog\u0105 zosta\u0107 uszkodzone przez wod\u0119, zanim jeszcze zostan\u0105 zamontowane? Tak.<\/strong><\/p>\n\n\n\n<p class=\"wp-block-paragraph\">Samo zabezpieczenie przed deszczem nie wystarcza. R\u00f3wnie wa\u017cne jest umo\u017cliwienie odp\u0142ywu wody oraz odprowadzenia wilgoci, kt\u00f3ra mo\u017ce pojawi\u0107 si\u0119 wewn\u0105trz pakietu. Instrukcje techniczne r\u00f3\u017cnych producent\u00f3w p\u0142yt warstwowych wskazuj\u0105 w\u0142a\u015bnie na konieczno\u015b\u0107 odpowiedniego u\u0142o\u017cenia pakiet\u00f3w, zabezpieczenia przed opadami i zapewnienia wentylacji.<\/p>\n\n\n\n<p class=\"wp-block-paragraph\">W MarPanel zwracamy uwag\u0119 na ten etap, poniewa\u017c <strong>prawid\u0142owe sk\u0142adowanie p\u0142yt warstwowych jest cz\u0119\u015bci\u0105 zachowania ich jako\u015bci<\/strong>. Dotyczy to zar\u00f3wno p\u0142yt PIR, jak i rozwi\u0105za\u0144 z rdzeniem z we\u0142ny mineralnej.<\/p>\n\n\n\n<p class=\"wp-block-paragraph\">Warto pami\u0119ta\u0107 o jednej zasadzie:<\/p>\n\n\n\n<blockquote class=\"wp-block-quote is-layout-flow wp-block-quote-is-layout-flow\">\n<p class=\"wp-block-paragraph\"><strong>P\u0142yta warstwowa powinna by\u0107 chroniona przed wod\u0105, ale jednocze\u015bnie nie mo\u017ce by\u0107 zamkni\u0119ta w spos\u00f3b, kt\u00f3ry zatrzymuje wilgo\u0107.<\/strong><\/p>\n<\/blockquote>\n\n\n\n<p class=\"wp-block-paragraph\">To pozornie niewielka r\u00f3\u017cnica, kt\u00f3ra mo\u017ce mie\u0107 du\u017ce znaczenie dla stanu ok\u0142adzin, pow\u0142ok ochronnych i ca\u0142ego pakietu.<\/p>\n\n\n\n<h3 class=\"wp-block-heading\">Dlaczego sk\u0142adowanie p\u0142yt warstwowych jest tak wa\u017cne?<\/h3>\n\n\n\n<p class=\"wp-block-paragraph\">P\u0142yty warstwowe s\u0105 gotowymi elementami lekkiej obudowy, kt\u00f3re \u0142\u0105cz\u0105 stalowe ok\u0142adziny z rdzeniem izolacyjnym. W naszej ofercie znajduj\u0105 si\u0119 mi\u0119dzy innymi rozwi\u0105zania PIR oraz p\u0142yty z rdzeniem z twardej we\u0142ny mineralnej. Ka\u017cdy z tych produkt\u00f3w ma okre\u015blone w\u0142a\u015bciwo\u015bci techniczne, dlatego spos\u00f3b obchodzenia si\u0119 z materia\u0142em przed monta\u017cem nie powinien by\u0107 przypadkowy.<\/p>\n\n\n\n<p class=\"wp-block-paragraph\">Najcz\u0119\u015bciej inwestor skupia si\u0119 na parametrach takich jak grubo\u015b\u0107 p\u0142yty, wsp\u00f3\u0142czynnik przewodzenia ciep\u0142a, odporno\u015b\u0107 ogniowa, kolor czy profilowanie. To oczywi\u015bcie istotne elementy wyboru produktu. Jednak nawet prawid\u0142owo dobrane <strong>\u0441\u0435\u043d\u0434\u0432\u0456\u0447-\u043f\u0430\u043d\u0435\u043b\u0456<\/strong> mog\u0105 zosta\u0107 uszkodzone, je\u015bli przez d\u0142ugi czas b\u0119d\u0105 niew\u0142a\u015bciwie magazynowane.<\/p>\n\n\n\n<p class=\"wp-block-paragraph\">Woda mo\u017ce dosta\u0107 si\u0119 do pakietu podczas opad\u00f3w, przez nieszczelne zabezpieczenie, niew\u0142a\u015bciwie wykonane pod\u0142o\u017ce albo nieodpowiednie u\u0142o\u017cenie p\u0142yt. Problemem mo\u017ce by\u0107 r\u00f3wnie\u017c kondensacja, szczeg\u00f3lnie gdy materia\u0142 jest szczelnie przykryty i nie ma mo\u017cliwo\u015bci swobodnego odprowadzania wilgoci.<\/p>\n\n\n\n<p class=\"wp-block-paragraph\">Konsekwencje mog\u0105 obejmowa\u0107:<\/p>\n\n\n\n<ul class=\"wp-block-list\">\n<li>zawilgocenie przestrzeni pomi\u0119dzy elementami pakietu,<\/li>\n\n\n\n<li>przyspieszenie proces\u00f3w korozyjnych na stalowych ok\u0142adzinach,<\/li>\n\n\n\n<li>odbarwienia i uszkodzenia pow\u0142ok,<\/li>\n\n\n\n<li>problemy z foli\u0105 ochronn\u0105,<\/li>\n\n\n\n<li>uszkodzenia mechaniczne wynikaj\u0105ce z nieprawid\u0142owego podparcia,<\/li>\n\n\n\n<li>wyd\u0142u\u017cenie przygotowania materia\u0142u do monta\u017cu,<\/li>\n\n\n\n<li>konieczno\u015b\u0107 dodatkowej kontroli lub wymiany uszkodzonych element\u00f3w.<\/li>\n<\/ul>\n\n\n\n<p class=\"wp-block-paragraph\"><\/p>\n\n\n\n<p class=\"wp-block-paragraph\">Nie istnieje jedna uniwersalna liczba okre\u015blaj\u0105ca, po ilu dniach wilgo\u0107 spowoduje uszkodzenie. Zale\u017cy to m.in. od rodzaju p\u0142yty, warunk\u00f3w atmosferycznych, sposobu pakowania, temperatury, czasu ekspozycji oraz tego, czy woda zosta\u0142a uwi\u0119ziona pomi\u0119dzy p\u0142ytami.<\/p>\n\n\n\n<p class=\"wp-block-paragraph\">Dlatego bezpieczniejsze jest podej\u015bcie prewencyjne: <strong>nie dopu\u015bci\u0107 do zawilgocenia pakietu zamiast p\u00f3\u017aniej pr\u00f3bowa\u0107 usuwa\u0107 jego skutki<\/strong>.<\/p>\n\n\n\n<h3 class=\"wp-block-heading\">Wilgo\u0107 a p\u0142yty warstwowe \u2013 co w\u0142a\u015bciwie dzieje si\u0119 z materia\u0142em?<\/h3>\n\n\n\n<p class=\"wp-block-paragraph\">Wilgo\u0107 podczas sk\u0142adowania p\u0142yt warstwowych jest problemem nie tylko dlatego, \u017ce materia\u0142 mo\u017ce zosta\u0107 \u201ezmoczony\u201d. Znacznie wa\u017cniejszy jest spos\u00f3b, w jaki woda i para wodna zachowuj\u0105 si\u0119 w zamkni\u0119tym pakiecie.<\/p>\n\n\n\n<p class=\"wp-block-paragraph\">Je\u017celi woda opadowa dostanie si\u0119 pomi\u0119dzy elementy i nie ma mo\u017cliwo\u015bci odp\u0142ywu ani wyschni\u0119cia, mo\u017ce pozostawa\u0107 tam przez d\u0142u\u017cszy czas. W przypadku stalowych ok\u0142adzin oznacza to zwi\u0119kszenie ryzyka niekorzystnych proces\u00f3w powierzchniowych i korozyjnych. Producenci wprost wskazuj\u0105, \u017ce nie nale\u017cy dopuszcza\u0107 do gromadzenia wody pomi\u0119dzy p\u0142ytami.<\/p>\n\n\n\n<p class=\"wp-block-paragraph\">Drugi mechanizm to kondensacja. Pakiet znajduj\u0105cy si\u0119 na zewn\u0105trz jest poddawany zmianom temperatury. W dzie\u0144 powierzchnie mog\u0105 intensywnie si\u0119 nagrzewa\u0107, a noc\u0105 szybko si\u0119 och\u0142adza\u0107. Je\u017celi pod os\u0142on\u0105 zostanie uwi\u0119zione wilgotne powietrze, mo\u017ce doj\u015b\u0107 do kondensacji.<\/p>\n\n\n\n<p class=\"wp-block-paragraph\">Dlatego cz\u0119sto powtarzamy, \u017ce <strong>ochrona przed wod\u0105 i wentylacja musz\u0105 i\u015b\u0107 ze sob\u0105 w parze<\/strong>.<\/p>\n\n\n\n<p class=\"wp-block-paragraph\">Nie oznacza to, \u017ce p\u0142yty powinny pozostawa\u0107 ca\u0142kowicie odkryte. Wr\u0119cz przeciwnie \u2014 nale\u017cy chroni\u0107 je przed deszczem, \u015bniegiem, s\u0142o\u0144cem, silnym wiatrem i zanieczyszczeniami. Kluczowe jest jednak zastosowanie odpowiedniego rodzaju os\u0142ony. Ruukki zaleca w tym celu plandeki tekstylne przepuszczaj\u0105ce powietrze i odradza stosowanie szczelnych folii z tworzyw sztucznych jako zabezpieczenia przed warunkami atmosferycznymi.<\/p>\n\n\n\n<p class=\"wp-block-paragraph\">W praktyce oznacza to prosty model:<\/p>\n\n\n\n<p class=\"wp-block-paragraph\"><strong>deszcz \u2192 zabezpieczy\u0107,<br>woda stoj\u0105ca \u2192 wyeliminowa\u0107,<br>wilgo\u0107 uwi\u0119ziona pod os\u0142on\u0105 \u2192 odprowadzi\u0107,<br>kontakt z gruntem \u2192 wyeliminowa\u0107,<br>wentylacja \u2192 zachowa\u0107.<\/strong><\/p>\n\n\n\n<p class=\"wp-block-paragraph\">To w\u0142a\u015bnie dlatego prawid\u0142owe sk\u0142adowanie p\u0142yt warstwowych powinno by\u0107 traktowane jako procedura techniczna, a nie tylko spos\u00f3b \u201eodstawienia materia\u0142u na kilka dni\u201d.<\/p>\n\n\n\n<h3 class=\"wp-block-heading\">Najcz\u0119stsze b\u0142\u0119dy podczas sk\u0142adowania p\u0142yt warstwowych<\/h3>\n\n\n\n<p class=\"wp-block-paragraph\">W praktyce najwi\u0119ksze problemy nie wynikaj\u0105 zwykle z samego produktu, lecz z niew\u0142a\u015bciwej organizacji placu budowy. B\u0142\u0119dy mog\u0105 pojawi\u0107 si\u0119 ju\u017c podczas roz\u0142adunku, a nast\u0119pnie pog\u0142\u0119bia\u0107 si\u0119 podczas kolejnych dni sk\u0142adowania.<\/p>\n\n\n\n<h4 class=\"wp-block-heading\">1. Uk\u0142adanie pakietu bezpo\u015brednio na gruncie<\/h4>\n\n\n\n<p class=\"wp-block-paragraph\">To jeden z podstawowych b\u0142\u0119d\u00f3w. Pod\u0142o\u017ce mo\u017ce by\u0107 wilgotne, nier\u00f3wne, zabrudzone lub podatne na powstawanie ka\u0142u\u017c. Kontakt pakietu z takim pod\u0142o\u017cem zwi\u0119ksza ryzyko zawilgocenia i deformacji.<\/p>\n\n\n\n<h4 class=\"wp-block-heading\">2. Brak spadku umo\u017cliwiaj\u0105cego odp\u0142yw wody<\/h4>\n\n\n\n<p class=\"wp-block-paragraph\">Je\u017celi pakiet zostanie u\u0142o\u017cony idealnie p\u0142asko, woda mo\u017ce zatrzymywa\u0107 si\u0119 na jego powierzchni lub w okre\u015blonych miejscach pomi\u0119dzy elementami. Producenci zalecaj\u0105 takie u\u0142o\u017cenie pakiet\u00f3w, aby umo\u017cliwi\u0107 odp\u0142yw wody.<\/p>\n\n\n\n<h4 class=\"wp-block-heading\">3. Szczelne owini\u0119cie p\u0142yt foli\u0105<\/h4>\n\n\n\n<p class=\"wp-block-paragraph\">Intuicyjnie mo\u017ce wydawa\u0107 si\u0119, \u017ce im szczelniejsze zabezpieczenie, tym lepiej. W przypadku p\u0142yt warstwowych nie zawsze jest to prawd\u0105. Je\u017celi wilgo\u0107 znajdzie si\u0119 pod szczeln\u0105 os\u0142on\u0105, jej odprowadzenie mo\u017ce by\u0107 utrudnione.<\/p>\n\n\n\n<h4 class=\"wp-block-heading\">4. Pozostawienie materia\u0142u w pe\u0142nym s\u0142o\u0144cu<\/h4>\n\n\n\n<p class=\"wp-block-paragraph\">Promieniowanie UV i nagrzewanie powierzchni r\u00f3wnie\u017c wp\u0142ywaj\u0105 na stan p\u0142yt oraz folii ochronnej. Dlatego zabezpieczenie powinno chroni\u0107 nie tylko przed wod\u0105, ale tak\u017ce przed intensywnym nas\u0142onecznieniem.<\/p>\n\n\n\n<h4 class=\"wp-block-heading\">5. Zbyt d\u0142ugie przechowywanie<\/h4>\n\n\n\n<p class=\"wp-block-paragraph\">P\u0142yty warstwowe s\u0105 materia\u0142em przeznaczonym do zabudowy, a nie do wielomiesi\u0119cznego przechowywania na otwartym placu. Je\u017celi inwestycja si\u0119 op\u00f3\u017ania, warto zmieni\u0107 warunki magazynowania na bardziej odpowiednie.<\/p>\n\n\n\n<h4 class=\"wp-block-heading\">6. Brak kontroli po opadach<\/h4>\n\n\n\n<p class=\"wp-block-paragraph\">Nawet prawid\u0142owo przygotowane miejsce mo\u017ce wymaga\u0107 kontroli po intensywnych opadach. Warto sprawdzi\u0107, czy os\u0142ona nie zosta\u0142a przesuni\u0119ta przez wiatr, czy pod pakietem nie stoi woda i czy wilgo\u0107 nie dosta\u0142a si\u0119 pomi\u0119dzy elementy.<\/p>\n\n\n\n<h3 class=\"wp-block-heading\">Jak prawid\u0142owo sk\u0142adowa\u0107 p\u0142yty warstwowe? Praktyczny framework MarPanel<\/h3>\n\n\n\n<p class=\"wp-block-paragraph\">Prawid\u0142owe magazynowanie mo\u017cna uporz\u0105dkowa\u0107 w kilku prostych krokach. W MarPanel rekomendujemy traktowanie ich jako kr\u00f3tkiej procedury odbioru i przechowywania materia\u0142u.<\/p>\n\n\n\n<h4 class=\"wp-block-heading\">Krok 1. Przygotuj miejsce<\/h4>\n\n\n\n<p class=\"wp-block-paragraph\">Miejsce sk\u0142adowania powinno by\u0107 r\u00f3wne, utwardzone i stabilne. Najlepszym rozwi\u0105zaniem jest suche, zadaszone i przewiewne pomieszczenie. Je\u017celi czasowe sk\u0142adowanie odbywa si\u0119 na zewn\u0105trz, trzeba zapewni\u0107 ochron\u0119 przed opadami oraz mo\u017cliwo\u015b\u0107 odp\u0142ywu wody.<\/p>\n\n\n\n<h4 class=\"wp-block-heading\">Krok 2. Odizoluj pakiety od pod\u0142o\u017ca<\/h4>\n\n\n\n<p class=\"wp-block-paragraph\">Pakiety powinny znajdowa\u0107 si\u0119 na odpowiednich podporach lub podk\u0142adach. Nie nale\u017cy dopuszcza\u0107 do bezpo\u015bredniego kontaktu z gruntem.<\/p>\n\n\n\n<h4 class=\"wp-block-heading\">Krok 3. Zapewnij odp\u0142yw wody<\/h4>\n\n\n\n<p class=\"wp-block-paragraph\">Pakiet powinien by\u0107 u\u0142o\u017cony w spos\u00f3b umo\u017cliwiaj\u0105cy odp\u0142yw wody. Lekki spadek jest jednym z podstawowych element\u00f3w prawid\u0142owego sk\u0142adowania.<\/p>\n\n\n\n<h4 class=\"wp-block-heading\">Krok 4. Zabezpiecz materia\u0142 przed opadami<\/h4>\n\n\n\n<p class=\"wp-block-paragraph\">P\u0142yty sk\u0142adowane na zewn\u0105trz nale\u017cy zabezpieczy\u0107 odpowiedni\u0105 os\u0142on\u0105. W przypadku rozwi\u0105za\u0144 wskazanych przez producenta mo\u017ce to by\u0107 przewiewna plandeka tekstylna. Nie chodzi o hermetyczne zamkni\u0119cie pakietu, ale o ochron\u0119 przed deszczem i jednoczesne umo\u017cliwienie wentylacji.<\/p>\n\n\n\n<h4 class=\"wp-block-heading\">Krok 5. Kontroluj wilgo\u0107<\/h4>\n\n\n\n<p class=\"wp-block-paragraph\">Po intensywnych opadach nale\u017cy sprawdzi\u0107 stan zabezpieczenia. Szczeg\u00f3ln\u0105 uwag\u0119 trzeba zwr\u00f3ci\u0107 na miejsca, w kt\u00f3rych mog\u0142a zgromadzi\u0107 si\u0119 woda.<\/p>\n\n\n\n<h4 class=\"wp-block-heading\">Krok 6. Przestrzegaj instrukcji producenta<\/h4>\n\n\n\n<p class=\"wp-block-paragraph\">To bardzo wa\u017cne. Maksymalna liczba pakiet\u00f3w ustawianych jeden na drugim, spos\u00f3b podparcia czy maksymalny czas przechowywania mog\u0105 by\u0107 r\u00f3\u017cne dla konkretnych produkt\u00f3w. Przyk\u0142adowo niekt\u00f3rzy producenci dopuszczaj\u0105 maksymalnie dwa pakiety, przy czym dodatkowe ograniczenia zale\u017c\u0105 od d\u0142ugo\u015bci p\u0142yt.<\/p>\n\n\n\n<h4 class=\"wp-block-heading\">Krok 7. Zaplanuj monta\u017c<\/h4>\n\n\n\n<p class=\"wp-block-paragraph\">Im kr\u00f3tszy i lepiej zaplanowany okres mi\u0119dzy dostaw\u0105 a monta\u017cem, tym mniejsze ryzyko zwi\u0105zane ze sk\u0142adowaniem.<\/p>\n\n\n\n<h3 class=\"wp-block-heading\">P\u0142yty warstwowe PIR a magazynowanie \u2013 na co zwr\u00f3ci\u0107 szczeg\u00f3ln\u0105 uwag\u0119?<\/h3>\n\n\n\n<p class=\"wp-block-paragraph\">W ofercie MarPanel znajduj\u0105 si\u0119 liczne warianty p\u0142yt warstwowych PIR, w tym p\u0142yty \u015bcienne, dachowe oraz rozwi\u0105zania przeznaczone do ch\u0142odni.<\/p>\n\n\n\n<p class=\"wp-block-paragraph\">Rdze\u0144 PIR jest materia\u0142em o bardzo dobrych w\u0142a\u015bciwo\u015bciach termoizolacyjnych, jednak nie oznacza to, \u017ce gotowy produkt mo\u017cna bez ogranicze\u0144 przechowywa\u0107 w ka\u017cdych warunkach. P\u0142yta warstwowa jest kompletnym elementem budowlanym, w kt\u00f3rym znaczenie ma nie tylko rdze\u0144, ale r\u00f3wnie\u017c stalowe ok\u0142adziny, pow\u0142oki, kraw\u0119dzie, zamki oraz spos\u00f3b po\u0142\u0105czenia poszczeg\u00f3lnych warstw.<\/p>\n\n\n\n<p class=\"wp-block-paragraph\">W przypadku p\u0142yt PIR szczeg\u00f3lnie wa\u017cne jest wi\u0119c zabezpieczenie ca\u0142ego pakietu przed wod\u0105. Nie nale\u017cy wyci\u0105ga\u0107 wniosku, \u017ce \u201ePIR jest odporny na wilgo\u0107, wi\u0119c woda nie stanowi problemu\u201d. Taka interpretacja jest zbyt daleko id\u0105ca.<\/p>\n\n\n\n<p class=\"wp-block-paragraph\">Ryzyko dotyczy przede wszystkim ca\u0142ego systemu materia\u0142owego i sposobu przechowywania. Woda mo\u017ce oddzia\u0142ywa\u0107 na stalowe powierzchnie, pow\u0142oki, miejsca ci\u0119cia, zamki i przestrzenie pomi\u0119dzy elementami.<\/p>\n\n\n\n<p class=\"wp-block-paragraph\">Warto r\u00f3wnie\u017c pami\u0119ta\u0107 o folii ochronnej. Jest ona przeznaczona przede wszystkim do ochrony powierzchni podczas transportu i prze\u0142adunku, a nie jako zamiennik prawid\u0142owego magazynowania. Pruszy\u0144ski wskazuje wprost, \u017ce folia ochronna nie zwalnia z obowi\u0105zku w\u0142a\u015bciwego zabezpieczenia p\u0142yt podczas przechowywania.<\/p>\n\n\n\n<p class=\"wp-block-paragraph\">Dlatego przy zakupie p\u0142yt PIR warto zaplanowa\u0107 nie tylko <strong>transport na budow\u0119<\/strong>, ale r\u00f3wnie\u017c miejsce, spos\u00f3b i przewidywany czas ich sk\u0142adowania.<\/p>\n\n\n\n<h3 class=\"wp-block-heading\">P\u0142yty z rdzeniem z we\u0142ny mineralnej \u2013 dlaczego ochrona przed wod\u0105 jest r\u00f3wnie wa\u017cna?<\/h3>\n\n\n\n<p class=\"wp-block-paragraph\">P\u0142yty warstwowe z rdzeniem z we\u0142ny mineralnej maj\u0105 inne w\u0142a\u015bciwo\u015bci ni\u017c rozwi\u0105zania PIR. W ofercie MarPanel znajduj\u0105 si\u0119 mi\u0119dzy innymi p\u0142yty GS MW oraz GS MW QA przeznaczone do zastosowa\u0144 \u015bciennych i innych rozwi\u0105za\u0144 lekkiej obudowy.<\/p>\n\n\n\n<p class=\"wp-block-paragraph\">Nie nale\u017cy wi\u0119c stosowa\u0107 jednej uproszczonej zasady: \u201ep\u0142yty warstwowe s\u0105 odporne na wod\u0119\u201d albo \u201ep\u0142yty warstwowe nie mog\u0105 mie\u0107 \u017cadnego kontaktu z wilgoci\u0105\u201d. Kluczowe jest rozr\u00f3\u017cnienie pomi\u0119dzy kontrolowanymi warunkami u\u017cytkowania gotowej przegrody a przypadkowym zawilgoceniem materia\u0142u podczas sk\u0142adowania.<\/p>\n\n\n\n<p class=\"wp-block-paragraph\">Podczas magazynowania pakiet powinien by\u0107 zabezpieczony przed opadami i mie\u0107 zapewnione warunki umo\u017cliwiaj\u0105ce odprowadzenie wilgoci. Woda pozostawiona pomi\u0119dzy elementami mo\u017ce mie\u0107 zupe\u0142nie inne konsekwencje ni\u017c kr\u00f3tkotrwa\u0142y kontakt powierzchni z niewielk\u0105 ilo\u015bci\u0105 wilgoci.<\/p>\n\n\n\n<p class=\"wp-block-paragraph\">P\u0142yty z rdzeniem z we\u0142ny mineralnej s\u0105 stosowane m.in. tam, gdzie szczeg\u00f3lne znaczenie ma odporno\u015b\u0107 ogniowa. Przyk\u0142adowe rozwi\u0105zania MarPanel osi\u0105gaj\u0105 klas\u0119 reakcji na ogie\u0144 A2-s1,d0.<\/p>\n\n\n\n<p class=\"wp-block-paragraph\">Nie oznacza to jednak, \u017ce mo\u017cna pomin\u0105\u0107 zasady magazynowania.<\/p>\n\n\n\n<p class=\"wp-block-paragraph\"><strong>Odporno\u015b\u0107 ogniowa, izolacyjno\u015b\u0107 cieplna i w\u0142a\u015bciwo\u015bci u\u017cytkowe p\u0142yty nie zast\u0119puj\u0105 prawid\u0142owego sk\u0142adowania.<\/strong> Ka\u017cdy produkt powinien by\u0107 przechowywany zgodnie z dokumentacj\u0105 techniczn\u0105 producenta.<\/p>\n\n\n\n<h3 class=\"wp-block-heading\">Fakty i mity dotycz\u0105ce zabezpieczenia p\u0142yt przed wod\u0105<\/h3>\n\n\n\n<figure class=\"wp-block-table\"><table class=\"has-fixed-layout\"><thead><tr><th class=\"has-text-align-center\" data-align=\"center\">Twierdzenie<\/th><th class=\"has-text-align-center\" data-align=\"center\">Fakt czy mit?<\/th><th class=\"has-text-align-center\" data-align=\"center\">Wyja\u015bnienie<\/th><\/tr><\/thead><tbody><tr><td class=\"has-text-align-center\" data-align=\"center\">P\u0142yty warstwowe mo\u017cna zostawi\u0107 na deszczu, je\u015bli s\u0105 owini\u0119te foli\u0105<\/td><td class=\"has-text-align-center\" data-align=\"center\"><strong>MIT<\/strong><\/td><td class=\"has-text-align-center\" data-align=\"center\">Folia transportowa nie zast\u0119puje prawid\u0142owego zabezpieczenia i mo\u017ce sprzyja\u0107 zatrzymywaniu wilgoci.<\/td><\/tr><tr><td class=\"has-text-align-center\" data-align=\"center\">Pakiety powinny mie\u0107 mo\u017cliwo\u015b\u0107 odp\u0142ywu wody<\/td><td class=\"has-text-align-center\" data-align=\"center\"><strong>FAKT<\/strong><\/td><td class=\"has-text-align-center\" data-align=\"center\">Producenci wskazuj\u0105 na konieczno\u015b\u0107 takiego u\u0142o\u017cenia pakiet\u00f3w, aby woda nie zalega\u0142a.<\/td><\/tr><tr><td class=\"has-text-align-center\" data-align=\"center\">Im szczelniej przykryjemy p\u0142yty, tym lepiej<\/td><td class=\"has-text-align-center\" data-align=\"center\"><strong>MIT<\/strong><\/td><td class=\"has-text-align-center\" data-align=\"center\">Zbyt szczelne zabezpieczenie mo\u017ce ograniczy\u0107 wentylacj\u0119 i utrudni\u0107 odprowadzanie wilgoci.<\/td><\/tr><tr><td class=\"has-text-align-center\" data-align=\"center\">P\u0142yty powinny by\u0107 odizolowane od pod\u0142o\u017ca<\/td><td class=\"has-text-align-center\" data-align=\"center\"><strong>FAKT<\/strong><\/td><td class=\"has-text-align-center\" data-align=\"center\">Pod\u0142o\u017ce powinno by\u0107 r\u00f3wne i utwardzone, a pakiet odpowiednio podparty.<\/td><\/tr><tr><td class=\"has-text-align-center\" data-align=\"center\">PIR nie wymaga ochrony przed wod\u0105<\/td><td class=\"has-text-align-center\" data-align=\"center\"><strong>MIT<\/strong><\/td><td class=\"has-text-align-center\" data-align=\"center\">Odporno\u015b\u0107 konkretnego rdzenia nie oznacza odporno\u015bci ca\u0142ego magazynowanego pakietu na niew\u0142a\u015bciwe warunki.<\/td><\/tr><tr><td class=\"has-text-align-center\" data-align=\"center\">D\u0142ugotrwa\u0142e sk\u0142adowanie wymaga wi\u0119kszej kontroli<\/td><td class=\"has-text-align-center\" data-align=\"center\"><strong>FAKT<\/strong><\/td><td class=\"has-text-align-center\" data-align=\"center\">Przy d\u0142u\u017cszym przechowywaniu ro\u015bnie znaczenie suchego, przewiewnego miejsca i regularnych kontroli.<\/td><\/tr><\/tbody><\/table><\/figure>\n\n\n\n<h3 class=\"wp-block-heading\">Mini-case study: kiedy kilka dni sk\u0142adowania mo\u017ce zmieni\u0107 sytuacj\u0119?<\/h3>\n\n\n\n<p class=\"wp-block-paragraph\">Za\u0142\u00f3\u017cmy, \u017ce wykonawca zam\u00f3wi\u0142 500 m\u00b2 p\u0142yt warstwowych PIR do budowy hali. Transport dotar\u0142 na tydzie\u0144 przed rozpocz\u0119ciem monta\u017cu. Pakiety zosta\u0142y ustawione na utwardzonym placu, ale bez odpowiedniego spadku. Dodatkowo przykryto je szczeln\u0105 foli\u0105 budowlan\u0105.<\/p>\n\n\n\n<p class=\"wp-block-paragraph\">Przez pierwsze dwa dni wszystko wygl\u0105da\u0142o prawid\u0142owo. Trzeciego dnia pojawi\u0142y si\u0119 intensywne opady. Cz\u0119\u015b\u0107 wody sp\u0142yn\u0119\u0142a po folii, ale cz\u0119\u015b\u0107 zosta\u0142a zatrzymana przy pakietach. W kolejnych dniach temperatura wzros\u0142a, a pod os\u0142on\u0105 pojawi\u0142a si\u0119 kondensacja.<\/p>\n\n\n\n<p class=\"wp-block-paragraph\">Przed rozpocz\u0119ciem monta\u017cu wykonawca zauwa\u017cy\u0142 wilgo\u0107 w kilku miejscach pakietu.<\/p>\n\n\n\n<p class=\"wp-block-paragraph\">Co mo\u017cna by\u0142o zrobi\u0107 inaczej?<\/p>\n\n\n\n<p class=\"wp-block-paragraph\"><strong>Po pierwsze:<\/strong> przygotowa\u0107 odpowiednie pod\u0142o\u017ce i podparcie.<\/p>\n\n\n\n<p class=\"wp-block-paragraph\"><strong>Po drugie:<\/strong> zapewni\u0107 lekki spadek umo\u017cliwiaj\u0105cy odp\u0142yw wody.<\/p>\n\n\n\n<p class=\"wp-block-paragraph\"><strong>Po trzecie:<\/strong> zastosowa\u0107 odpowiedni\u0105, przewiewn\u0105 os\u0142on\u0119 zamiast szczelnego zamkni\u0119cia pakietu.<\/p>\n\n\n\n<p class=\"wp-block-paragraph\"><strong>Po czwarte:<\/strong> przeprowadzi\u0107 kontrol\u0119 po intensywnych opadach.<\/p>\n\n\n\n<p class=\"wp-block-paragraph\">To przyk\u0142ad hipotetyczny, ale dobrze pokazuje mechanizm ryzyka. Koszt prawid\u0142owego przygotowania miejsca magazynowania jest zazwyczaj niewielki w por\u00f3wnaniu z potencjalnym kosztem op\u00f3\u017anienia monta\u017cu, dodatkowej kontroli materia\u0142u czy wymiany uszkodzonych element\u00f3w.<\/p>\n\n\n\n<p class=\"wp-block-paragraph\">W\u0142a\u015bnie dlatego w MarPanel traktujemy sk\u0142adowanie jako jeden z element\u00f3w ca\u0142ego procesu dostawy p\u0142yt warstwowych.<\/p>\n\n\n\n<h3 class=\"wp-block-heading\">FAQ \u2013 najcz\u0119\u015bciej zadawane pytania<\/h3>\n\n\n\n<h4 class=\"wp-block-heading\">Czy p\u0142yty warstwowe mo\u017cna przechowywa\u0107 na zewn\u0105trz?<\/h4>\n\n\n\n<p class=\"wp-block-paragraph\">Tak, ale tylko przy zachowaniu zasad okre\u015blonych przez producenta. Nale\u017cy chroni\u0107 je przed opadami, s\u0142o\u0144cem, wiatrem i wilgoci\u0105 oraz zapewni\u0107 mo\u017cliwo\u015b\u0107 odp\u0142ywu wody i wentylacji.<\/p>\n\n\n\n<h4 class=\"wp-block-heading\">Czy p\u0142yty warstwowe mog\u0105 le\u017ce\u0107 bezpo\u015brednio na ziemi?<\/h4>\n\n\n\n<p class=\"wp-block-paragraph\">Nie jest to w\u0142a\u015bciwy spos\u00f3b sk\u0142adowania. Pakiety powinny by\u0107 ustawione na odpowiednich podporach, na r\u00f3wnym i utwardzonym pod\u0142o\u017cu.<\/p>\n\n\n\n<h4 class=\"wp-block-heading\">Czy mo\u017cna przykry\u0107 p\u0142yty warstwowe foli\u0105?<\/h4>\n\n\n\n<p class=\"wp-block-paragraph\">Sama folia transportowa nie powinna by\u0107 traktowana jako kompletne zabezpieczenie magazynowe. W przypadku sk\u0142adowania na zewn\u0105trz trzeba stosowa\u0107 rozwi\u0105zanie zapewniaj\u0105ce ochron\u0119 przed opadami, ale jednocze\u015bnie odpowiedni\u0105 wentylacj\u0119.<\/p>\n\n\n\n<h4 class=\"wp-block-heading\">Czy wilgo\u0107 uszkadza p\u0142yty PIR?<\/h4>\n\n\n\n<p class=\"wp-block-paragraph\">Prawid\u0142owo wykonana p\u0142yta PIR ma bardzo dobre w\u0142a\u015bciwo\u015bci u\u017cytkowe, jednak niew\u0142a\u015bciwe sk\u0142adowanie ca\u0142ego produktu mo\u017ce prowadzi\u0107 do problem\u00f3w z ok\u0142adzinami, pow\u0142okami lub wod\u0105 uwi\u0119zion\u0105 w pakiecie.<\/p>\n\n\n\n<h4 class=\"wp-block-heading\">Jak d\u0142ugo mo\u017cna sk\u0142adowa\u0107 p\u0142yty warstwowe?<\/h4>\n\n\n\n<p class=\"wp-block-paragraph\">Nie ma jednej uniwersalnej warto\u015bci dla wszystkich produkt\u00f3w. Nale\u017cy stosowa\u0107 si\u0119 do instrukcji konkretnego producenta; przy d\u0142u\u017cszym sk\u0142adowaniu zalecane s\u0105 suche, przewiewne warunki.<\/p>\n\n\n\n<h4 class=\"wp-block-heading\">Czy pakiety p\u0142yt warstwowych mo\u017cna uk\u0142ada\u0107 jeden na drugim?<\/h4>\n\n\n\n<p class=\"wp-block-paragraph\">To zale\u017cy od konkretnego produktu i jego instrukcji. Przyk\u0142adowo niekt\u00f3rzy producenci dopuszczaj\u0105 maksymalnie dwa pakiety przy okre\u015blonych d\u0142ugo\u015bciach p\u0142yt.<\/p>\n\n\n\n<h4 class=\"wp-block-heading\">Co zrobi\u0107, je\u015bli p\u0142yty zosta\u0142y zawilgocone?<\/h4>\n\n\n\n<p class=\"wp-block-paragraph\">Nie nale\u017cy automatycznie rozpoczyna\u0107 monta\u017cu. Trzeba oceni\u0107 stan materia\u0142u, usun\u0105\u0107 \u017ar\u00f3d\u0142o wilgoci i post\u0119powa\u0107 zgodnie z instrukcj\u0105 producenta; w razie w\u0105tpliwo\u015bci warto skonsultowa\u0107 stan p\u0142yt przed ich zabudowaniem.<\/p>\n\n\n\n<h3 class=\"wp-block-heading\">Checklista \u2013 prawid\u0142owe sk\u0142adowanie p\u0142yt warstwowych<\/h3>\n\n\n\n<p class=\"wp-block-paragraph\">Przed pozostawieniem materia\u0142u na placu budowy sprawd\u017a:<\/p>\n\n\n\n<ul class=\"wp-block-list\">\n<li>Czy miejsce jest r\u00f3wne i utwardzone?<\/li>\n\n\n\n<li>Czy pakiety s\u0105 odizolowane od pod\u0142o\u017ca?<\/li>\n\n\n\n<li>Czy zapewniono mo\u017cliwo\u015b\u0107 odp\u0142ywu wody?<\/li>\n\n\n\n<li>Czy pakiety s\u0105 zabezpieczone przed deszczem i \u015bniegiem?<\/li>\n\n\n\n<li>Czy os\u0142ona pozwala na odpowiedni\u0105 wentylacj\u0119?<\/li>\n\n\n\n<li>Czy materia\u0142 jest chroniony przed silnym s\u0142o\u0144cem?<\/li>\n\n\n\n<li>Czy pakiety nie s\u0105 nara\u017cone na dzia\u0142anie chemikali\u00f3w i substancji agresywnych?<\/li>\n\n\n\n<li>Czy liczba pakiet\u00f3w u\u0142o\u017conych jeden na drugim jest zgodna z instrukcj\u0105 producenta?<\/li>\n\n\n\n<li>Czy po opadach sprawdzono stan zabezpieczenia?<\/li>\n\n\n\n<li>Czy zaplanowano termin monta\u017cu i kontrol\u0119 materia\u0142u przed rozpocz\u0119ciem prac?<\/li>\n\n\n\n<li>Czy folia ochronna b\u0119dzie usuni\u0119ta zgodnie z wymaganiami producenta?<\/li>\n<\/ul>\n\n\n\n<p class=\"wp-block-paragraph\"><\/p>\n\n\n\n<h3 class=\"wp-block-heading\">Bonus \u2013 kr\u00f3tkie odpowiedzi dla zainteresowanych<\/h3>\n\n\n\n<h4 class=\"wp-block-heading\">Jak sk\u0142adowa\u0107 p\u0142yty warstwowe?<\/h4>\n\n\n\n<p class=\"wp-block-paragraph\">P\u0142yty warstwowe nale\u017cy sk\u0142adowa\u0107 na r\u00f3wnym, utwardzonym i suchym pod\u0142o\u017cu, z zapewnieniem odp\u0142ywu wody. Pakiety trzeba chroni\u0107 przed deszczem, \u015bniegiem i s\u0142o\u0144cem, ale jednocze\u015bnie zapewni\u0107 odpowiedni\u0105 wentylacj\u0119.<\/p>\n\n\n\n<h4 class=\"wp-block-heading\">Czy p\u0142yty warstwowe trzeba chroni\u0107 przed wod\u0105?<\/h4>\n\n\n\n<p class=\"wp-block-paragraph\">Tak. Podczas sk\u0142adowania p\u0142yty warstwowe nale\u017cy zabezpieczy\u0107 przed wod\u0105 opadow\u0105 i nie dopu\u015bci\u0107 do gromadzenia wilgoci pomi\u0119dzy elementami pakietu. Szczeg\u00f3lnie wa\u017cne jest zapewnienie mo\u017cliwo\u015bci odp\u0142ywu wody.<\/p>\n\n\n\n<h4 class=\"wp-block-heading\">Czy mo\u017cna przechowywa\u0107 p\u0142yty warstwowe pod foli\u0105?<\/h4>\n\n\n\n<p class=\"wp-block-paragraph\">Folia transportowa nie zast\u0119puje w\u0142a\u015bciwego zabezpieczenia magazynowego. Przy sk\u0142adowaniu na zewn\u0105trz nale\u017cy stosowa\u0107 os\u0142on\u0119 chroni\u0105c\u0105 przed opadami, ale nie nale\u017cy tworzy\u0107 warunk\u00f3w, w kt\u00f3rych wilgo\u0107 zostaje uwi\u0119ziona pod szczeln\u0105 os\u0142on\u0105.<\/p>\n\n\n\n<h4 class=\"wp-block-heading\">Dlaczego wilgo\u0107 jest niebezpieczna dla p\u0142yt warstwowych?<\/h4>\n\n\n\n<p class=\"wp-block-paragraph\">Wilgo\u0107 mo\u017ce prowadzi\u0107 do korozji stalowych ok\u0142adzin, problem\u00f3w z pow\u0142okami ochronnymi oraz uszkodze\u0144 wynikaj\u0105cych z d\u0142ugotrwa\u0142ego zalegania wody pomi\u0119dzy p\u0142ytami. Dlatego prawid\u0142owe sk\u0142adowanie powinno jednocze\u015bnie chroni\u0107 przed wod\u0105 i zapewnia\u0107 jej odp\u0142yw.<\/p>\n\n\n\n<h3 class=\"wp-block-heading\">Podsumowanie \u2013 w\u0142a\u015bciwe zabezpieczenie p\u0142yt to inwestycja w jako\u015b\u0107 ca\u0142ej realizacji<\/h3>\n\n\n\n<p class=\"wp-block-paragraph\">P\u0142yty warstwowe s\u0105 materia\u0142em projektowanym z my\u015bl\u0105 o szybkiej i trwa\u0142ej realizacji \u015bcian, dach\u00f3w oraz innych przegr\u00f3d. Ich w\u0142a\u015bciwo\u015bci techniczne zale\u017c\u0105 jednak nie tylko od parametr\u00f3w zapisanych w karcie produktu, lecz r\u00f3wnie\u017c od tego, w jakim stanie materia\u0142 trafi na konstrukcj\u0119.<\/p>\n\n\n\n<p class=\"wp-block-paragraph\">Dlatego <strong>sk\u0142adowanie p\u0142yt warstwowych powinno by\u0107 traktowane jako integralny etap inwestycji<\/strong>.<\/p>\n\n\n\n<p class=\"wp-block-paragraph\">Najwa\u017cniejsze zasady s\u0105 proste:<\/p>\n\n\n\n<p class=\"wp-block-paragraph\"><strong>sucho + stabilnie + z odp\u0142ywem wody + z ochron\u0105 przed opadami + z odpowiedni\u0105 wentylacj\u0105 = bezpieczne sk\u0142adowanie.<\/strong><\/p>\n\n\n\n<p class=\"wp-block-paragraph\">Nie nale\u017cy czeka\u0107 na pierwsze oznaki problemu. Znacznie lepszym rozwi\u0105zaniem jest prawid\u0142owe przygotowanie miejsca magazynowania jeszcze przed dostaw\u0105.<\/p>\n\n\n\n<p class=\"wp-block-paragraph\">W MarPanel nie ograniczamy si\u0119 do sprzeda\u017cy materia\u0142u. Jako dystrybutor p\u0142yt warstwowych i izolacyjnych stawiamy r\u00f3wnie\u017c na fachowe doradztwo i w\u0142a\u015bciwy dob\u00f3r rozwi\u0105zania do konkretnej inwestycji. Nasza oferta obejmuje mi\u0119dzy innymi p\u0142yty warstwowe PIR, rozwi\u0105zania z rdzeniem z we\u0142ny mineralnej oraz p\u0142yty izolacyjne PIR.<\/p>\n\n\n\n<p class=\"wp-block-paragraph\"><strong>Je\u017celi planuj\u0105 Pa\u0144stwo zakup p\u0142yt warstwowych, warto om\u00f3wi\u0107 nie tylko ich parametry i cen\u0119, ale r\u00f3wnie\u017c transport, spos\u00f3b roz\u0142adunku, miejsce sk\u0142adowania oraz termin monta\u017cu.<\/strong><\/p>\n\n\n\n<p class=\"wp-block-paragraph\"><strong><a href=\"https:\/\/marpanel.pl\/uk\/plyty-warstwowe-nowy-sacz-marpanel\/\">W MarPanel mo\u017cemy pom\u00f3c dobra\u0107 odpowiednie rozwi\u0105zanie<\/a><\/strong> do planowanej inwestycji i przygotowa\u0107 wycen\u0119. Dzi\u0119ki temu materia\u0142 od momentu dostawy do rozpocz\u0119cia monta\u017cu pozostaje pod w\u0142a\u015bciw\u0105 kontrol\u0105.<\/p>\n\n\n\n<p class=\"wp-block-paragraph\"><\/p>",
        "protected": false
    },
    "excerpt": {
        "rendered": "<p>Wyobra\u017amy sobie typow\u0105 sytuacj\u0119 na budowie. Dostawa p\u0142yt warstwowych dociera zgodnie z harmonogramem, ale monta\u017c rozpocznie si\u0119 dopiero za kilka dni albo nawet za kilka tygodni. Pakiety zostaj\u0105 wi\u0119c ustawione na placu budowy i przykryte \u201ena szybko\u201d. Pada deszcz, p\u00f3\u017aniej pojawia si\u0119 s\u0142o\u0144ce, nast\u0119pnie nocna kondensacja. Z zewn\u0105trz wszystko mo\u017ce wygl\u0105da\u0107 dobrze. Problem zaczyna si\u0119 [&hellip;]<\/p>",
        "protected": false
    },
    "author": 1,
    "featured_media": 4067,
    "comment_status": "open",
    "ping_status": "open",
    "sticky": false,
    "template": "",
    "format": "standard",
    "meta": {
        "_acf_changed": false,
        "footnotes": ""
    },
    "categories": [
        1
    ],
    "tags": [],
    "class_list": [
        "post-4059",
        "post",
        "type-post",
        "status-publish",
        "format-standard",
        "has-post-thumbnail",
        "hentry",
        "category-bez-kategorii"
    ],
    "acf": [],
    "_links": {
        "self": [
            {
                "href": "https:\/\/marpanel.pl\/uk\/index.php?rest_route=\/wp\/v2\/posts\/4059",
                "targetHints": {
                    "allow": [
                        "GET"
                    ]
                }
            }
        ],
        "collection": [
            {
                "href": "https:\/\/marpanel.pl\/uk\/index.php?rest_route=\/wp\/v2\/posts"
            }
        ],
        "about": [
            {
                "href": "https:\/\/marpanel.pl\/uk\/index.php?rest_route=\/wp\/v2\/types\/post"
            }
        ],
        "author": [
            {
                "embeddable": true,
                "href": "https:\/\/marpanel.pl\/uk\/index.php?rest_route=\/wp\/v2\/users\/1"
            }
        ],
        "replies": [
            {
                "embeddable": true,
                "href": "https:\/\/marpanel.pl\/uk\/index.php?rest_route=%2Fwp%2Fv2%2Fcomments&post=4059"
            }
        ],
        "version-history": [
            {
                "count": 5,
                "href": "https:\/\/marpanel.pl\/uk\/index.php?rest_route=\/wp\/v2\/posts\/4059\/revisions"
            }
        ],
        "predecessor-version": [
            {
                "id": 4065,
                "href": "https:\/\/marpanel.pl\/uk\/index.php?rest_route=\/wp\/v2\/posts\/4059\/revisions\/4065"
            }
        ],
        "wp:featuredmedia": [
            {
                "embeddable": true,
                "href": "https:\/\/marpanel.pl\/uk\/index.php?rest_route=\/wp\/v2\/media\/4067"
            }
        ],
        "wp:attachment": [
            {
                "href": "https:\/\/marpanel.pl\/uk\/index.php?rest_route=%2Fwp%2Fv2%2Fmedia&parent=4059"
            }
        ],
        "wp:term": [
            {
                "taxonomy": "category",
                "embeddable": true,
                "href": "https:\/\/marpanel.pl\/uk\/index.php?rest_route=%2Fwp%2Fv2%2Fcategories&post=4059"
            },
            {
                "taxonomy": "post_tag",
                "embeddable": true,
                "href": "https:\/\/marpanel.pl\/uk\/index.php?rest_route=%2Fwp%2Fv2%2Ftags&post=4059"
            }
        ],
        "curies": [
            {
                "name": "wp",
                "href": "https:\/\/api.w.org\/{rel}",
                "templated": true
            }
        ]
    }
}